{"id":8196,"date":"2009-03-28T20:23:58","date_gmt":"2009-03-28T20:23:58","guid":{"rendered":"http:\/\/estrategica.com.co\/blog\/?p=8196"},"modified":"2015-03-16T14:57:53","modified_gmt":"2015-03-16T19:57:53","slug":"la-oz-del-pueblo-eusko-alkartasuna","status":"publish","type":"post","link":"https:\/\/estrategica.com.co\/blog\/la-oz-del-pueblo-eusko-alkartasuna\/","title":{"rendered":"La Voz del Pueblo &#8211; Eusko Alkartasuna"},"content":{"rendered":"<p> <script type='text\/javascript' src='https:\/\/estrategica.com.co\/blog\/wp-content\/plugins\/hana-flv-player\/flowplayer3\/example\/flowplayer-3.2.6.min.js'><\/script>\n<div >\n<div id='hana_flv_flow3_1' style='display:block;width:550px;height:413px;background-color:#555555;color:#ffffff;padding:0' title=\"*Video:la voz del pueblo - eusko alkartasuna\"><\/div>\n<\/div>\n\n<script  type='text\/javascript'>\nif (typeof g_hanaFlash !== 'undefined' && !g_hanaFlash){\n    jQuery('#hana_flv_flow3_1').css( 'padding', '5px' );\n\tjQuery('#hana_flv_flow3_1').html(\"<span class='inactive_message' style='display:block'>Sorry, your browser does not support Flash Video Player<\/span> *Video:la voz del pueblo - eusko alkartasuna\");\n}else{\t\t\t\n\t\tflowplayer('hana_flv_flow3_1', { src: 'https:\/\/estrategica.com.co\/blog\/wp-content\/plugins\/hana-flv-player\/flowplayer3\/flowplayer-3.2.7.swf', wmode: 'transparent' }, { \n\n\t\t\tcanvas: { backgroundColor: '#000000', backgroundGradient: 'none',},\n    \t\tclip:  { \n    \t\t\turl: '\/blog\/wp-content\/uploads\/2009\/01\/videos_varios_f\/Spot_Eusko_Alkartasuna_1_Herriaren_Ahotsa_Lavoz_del_pueblo.flv',\n        \t\tscaling: 'fit', autoPlay: false, autoBuffering: true \n\t\t\t\t   , onFinish : function () { this.seek(0); }  \n\n\t        }\n\n\t\t});\n}\n<\/script><br \/>\n<\/br><\/p>\n<p>[icon color=\u00bbAccent-Color\u00bb size=\u00bbregular\u00bb image=\u00bbsteadysets-icon-chat\u00bb] <strong>Contexto<\/strong><\/br><\/br><\/p>\n<p style=\"text-align: justify;\">Campa\u00f1a de Eusko Alkartasuna a las elecciones generales de 2008. Eusko Alkartasuna significa Solidaridad Vasca. Es un partido nacionalista e independentista de tendencia socialdem\u00f3crata, activo tanto en Espa\u00f1a como en Francia. Las elecciones generales de 2008 significaron un descalabro para el partido al perder <span style=\"mso-spacerun: yes;\">\u00a0<\/span>su representaci\u00f3n en el Congreso de los Diputados y m\u00e1s de 30.000 votos en el Pa\u00eds Vasco (pas\u00f3 de 80.905 votos, un 6,48%, a 50.121, un 4.49%). Los spot muestran a distintos representantes de la sociedad con un meg\u00e1fono haci\u00e9ndose o\u00edr, en referencia al slogan de campa\u00f1a: La Voz del Pueblo. El mensaje no es claro y uno no entiende si est\u00e1n jugando, haciendo pol\u00edtica o qu\u00e9.<\/p><\/p>\n","protected":false},"excerpt":{"rendered":"<p>*Video: la voz del pueblo &#8211; eusko alkartasuna [icon color=\u00bbAccent-Color\u00bb size=\u00bbregular\u00bb image=\u00bbsteadysets-icon-chat\u00bb] Contexto Campa\u00f1a de Eusko Alkartasuna a las elecciones generales de 2008. Eusko Alkartasuna significa Solidaridad Vasca. Es un partido nacionalista e independentista de tendencia socialdem\u00f3crata, activo tanto en Espa\u00f1a como en Francia. Las elecciones generales de 2008 significaron un descalabro para el partido [&hellip;]<\/p>\n","protected":false},"author":5,"featured_media":8198,"comment_status":"open","ping_status":"open","sticky":false,"template":"","format":"standard","meta":{"_et_pb_use_builder":"","_et_pb_old_content":"","_et_gb_content_width":"","advanced_seo_description":"","jetpack_seo_html_title":"","jetpack_seo_noindex":false,"footnotes":""},"categories":[58,34,23,10,11,3],"tags":[93,366],"class_list":["post-8196","post","type-post","status-publish","format-standard","has-post-thumbnail","hentry","category-campana-colegiada","category-electoral","category-espana","category-geo","category-temas","category-video","tag-elecciones-2008","tag-eusko-alkartasuna"],"jetpack_featured_media_url":"https:\/\/i0.wp.com\/estrategica.com.co\/blog\/wp-content\/uploads\/2009\/03\/spot_eusko_alkartasuna_1_herriaren_ahotsa_lavoz_del_pueblo_thumb.png?fit=260%2C173&ssl=1","jetpack_shortlink":"https:\/\/wp.me\/p4wgsh-28c","jetpack-related-posts":[{"id":8201,"url":"https:\/\/estrategica.com.co\/blog\/la-voz-del-pueblo-eusko-alkartasuna\/","url_meta":{"origin":8196,"position":0},"title":"La Voz del Pueblo &#8211; Eusko Alkartasuna","author":"Juliana","date":"marzo 28, 2009","format":false,"excerpt":"[hana-flv-player video=\"\/blog\/wp-content\/uploads\/2009\/01\/videos_varios_f\/Spot_Eusko_Alkartasuna_2_Herriaren_Ahotsa_Lavoz_del_pueblo.flv\" width=\"550\" height=\"\" description=\"La Voz del Pueblo - Eusko Alkartasuna\" clickurl=\"\" clicktarget=\"\" player=\"4\" autoplay=\"false\" loop=\"false\" autorewind=\"true\" splashimage=\"\" skin=\"\" \/] [icon color=\"Accent-Color\" size=\"regular\" image=\"steadysets-icon-chat\"] Contexto Campa\u00f1a de Eusko Alkartasuna a las elecciones generales de 2008. Eusko Alkartasuna significa Solidaridad Vasca. Es un partido nacionalista e independentista de tendencia socialdem\u00f3crata, activo\u2026","rel":"","context":"En \u00abCampa\u00f1a Cuerpo Colegiado\u00bb","block_context":{"text":"Campa\u00f1a Cuerpo Colegiado","link":"https:\/\/estrategica.com.co\/blog\/category\/temas\/campana-colegiada\/"},"img":{"alt_text":"","src":"","width":0,"height":0},"classes":[]},{"id":7777,"url":"https:\/\/estrategica.com.co\/blog\/nos_movemos_mugi_gaitezen\/","url_meta":{"origin":8196,"position":1},"title":"Nos Movemos &#8211; Nafarroa Bai","author":"Juliana","date":"enero 13, 2011","format":false,"excerpt":"[hana-flv-player video=\"\/blog\/wp-content\/uploads\/2009\/01\/videos_varios_f\/Nos_movemos_Mugi_gaitezen.flv\" width=\"550\" height=\"\" description=\"Nos Movemos - Nafarroa Bai\" clickurl=\"\" clicktarget=\"\" player=\"4\" autoplay=\"false\" loop=\"false\" autorewind=\"true\" splashimage=\"\" skin=\"\" \/] [icon color=\"Accent-Color\" size=\"regular\" image=\"steadysets-icon-chat\"] Contexto Spot de la coalici\u00f3n Nafarroa Bai en el a\u00f1o 2008 para posicionar su opci\u00f3n pol\u00edtica de cara al electorado. La coalici\u00f3n re\u00fane a Aralar, Eusko Alkartasuna, EAJ-PNV\u2026","rel":"","context":"En \u00ab2008\u00bb","block_context":{"text":"2008","link":"https:\/\/estrategica.com.co\/blog\/category\/ano\/2008\/"},"img":{"alt_text":"","src":"","width":0,"height":0},"classes":[]},{"id":2625,"url":"https:\/\/estrategica.com.co\/blog\/navarra-si-cambiemos-la-politica\/","url_meta":{"origin":8196,"position":2},"title":"Navarra Si. Cambiemos la Politica","author":"Juliana","date":"febrero 14, 2009","format":false,"excerpt":"[hana-flv-player video=\"\/blog\/wp-content\/uploads\/2009\/01\/ESPANA\/Cambiemos_la_Politica.flv\" width=\"550\" height=\"\" description=\"Navarra Si. Cambiemos la Politica\" clickurl=\"\" clicktarget=\"\" player=\"4\" autoplay=\"false\" loop=\"false\" autorewind=\"true\" splashimage=\"\" skin=\"\" \/] [icon color=\"Accent-Color\" size=\"regular\" image=\"steadysets-icon-chat\"] Contexto Spot de Nafarroa Bai (Navarra Si) para las elecciones generales de 2008 en la jurisdicci\u00f3n de Navarra. Nafarroa Bai es una coalici\u00f3n de los siguientes partidos: Aralar,\u2026","rel":"","context":"En \u00ab2008\u00bb","block_context":{"text":"2008","link":"https:\/\/estrategica.com.co\/blog\/category\/ano\/2008\/"},"img":{"alt_text":"","src":"https:\/\/i0.wp.com\/estrategica.com.co\/blog\/wp-content\/uploads\/2009\/01\/cambiemos_la_politica_thumb.png?fit=366%2C220&ssl=1&resize=350%2C200","width":350,"height":200},"classes":[]},{"id":6999,"url":"https:\/\/estrategica.com.co\/blog\/aralar2008_0_0\/","url_meta":{"origin":8196,"position":3},"title":"Elecciones Generales &#8211; Aralar","author":"Juliana","date":"enero 13, 2011","format":false,"excerpt":"[hana-flv-player video=\"\/blog\/wp-content\/uploads\/2009\/01\/videos_varios_f\/Aralar2008_2.flv\" width=\"550\" height=\"\" description=\"Elecciones Generales - Aralar\" clickurl=\"\" clicktarget=\"\" player=\"4\" autoplay=\"false\" loop=\"false\" autorewind=\"true\" splashimage=\"\" skin=\"\" \/] [icon color=\"Accent-Color\" size=\"regular\" image=\"steadysets-icon-chat\"] Contexto Spot del Partido Aralar para las elecciones generales de 2008 en Espa\u00f1a. Aralar es un partido nacionalista que opera en Navarra y Pa\u00eds Vasco. Propugnan un estado soberano,\u2026","rel":"","context":"En \u00ab2008\u00bb","block_context":{"text":"2008","link":"https:\/\/estrategica.com.co\/blog\/category\/ano\/2008\/"},"img":{"alt_text":"","src":"https:\/\/i0.wp.com\/estrategica.com.co\/blog\/wp-content\/uploads\/2009\/03\/aralar_2008_spot_2_thumb.png?fit=321%2C256&ssl=1&resize=350%2C200","width":350,"height":200},"classes":[]},{"id":8181,"url":"https:\/\/estrategica.com.co\/blog\/lo-que-nos-une-upd\/","url_meta":{"origin":8196,"position":4},"title":"Lo que nos Une &#8211; UPD","author":"Juliana","date":"marzo 29, 2009","format":false,"excerpt":"[hana-flv-player video=\"\/blog\/wp-content\/uploads\/2009\/01\/videos_varios_f\/Spot_Electoral_UPD_Elecciones_2008.flv\" width=\"550\" height=\"\" description=\"Lo que nos Une - UPD\" clickurl=\"\" clicktarget=\"\" player=\"4\" autoplay=\"false\" loop=\"false\" autorewind=\"true\" splashimage=\"\" skin=\"\" \/] [icon color=\"Accent-Color\" size=\"regular\" image=\"steadysets-icon-chat\"] Contexto Spot de Campa\u00f1a de Partido Uni\u00f3n, Progreso y Democracia, UPD, durante las elecciones generales de 2008. Esta Partido, fundado en 2007, obtuvo un diputado por la\u2026","rel":"","context":"En \u00abCampa\u00f1a Cuerpo Colegiado\u00bb","block_context":{"text":"Campa\u00f1a Cuerpo Colegiado","link":"https:\/\/estrategica.com.co\/blog\/category\/temas\/campana-colegiada\/"},"img":{"alt_text":"","src":"","width":0,"height":0},"classes":[]},{"id":2765,"url":"https:\/\/estrategica.com.co\/blog\/un-mismo-sueno-una-realidad-pp\/","url_meta":{"origin":8196,"position":5},"title":"Un Mismo Sue\u00f1o una Realidad &#8211; PP","author":"Juliana","date":"enero 25, 2009","format":false,"excerpt":"[hana-flv-player video=\"\/blog\/wp-content\/uploads\/2009\/01\/ESPANA\/PP_Un_mismo_sue\u00f1o_una_REALIDAD.flv\" width=\"550\" height=\"\" description=\"Un Mismo Sue\u00f1o una Realidad - PP\" clickurl=\"\" clicktarget=\"\" player=\"4\" autoplay=\"false\" loop=\"false\" autorewind=\"true\" splashimage=\"\" skin=\"\" \/] [icon color=\"Accent-Color\" size=\"regular\" image=\"steadysets-icon-chat\"] Contexto Spot del PP para las elecciones generales de 2008. La voz de una ni\u00f1a va desarrollando el gui\u00f3n mientras desfilan im\u00e1genes que visualizan lo que\u2026","rel":"","context":"En \u00abCampa\u00f1a Presidencial\u00bb","block_context":{"text":"Campa\u00f1a Presidencial","link":"https:\/\/estrategica.com.co\/blog\/category\/temas\/campana-presidencial\/"},"img":{"alt_text":"","src":"https:\/\/i0.wp.com\/estrategica.com.co\/blog\/wp-content\/uploads\/2009\/01\/pp_un_mismo_sueno_una_realidad_thumb.png?fit=317%2C254&ssl=1&resize=350%2C200","width":350,"height":200},"classes":[]}],"jetpack_sharing_enabled":true,"_links":{"self":[{"href":"https:\/\/estrategica.com.co\/blog\/wp-json\/wp\/v2\/posts\/8196","targetHints":{"allow":["GET"]}}],"collection":[{"href":"https:\/\/estrategica.com.co\/blog\/wp-json\/wp\/v2\/posts"}],"about":[{"href":"https:\/\/estrategica.com.co\/blog\/wp-json\/wp\/v2\/types\/post"}],"author":[{"embeddable":true,"href":"https:\/\/estrategica.com.co\/blog\/wp-json\/wp\/v2\/users\/5"}],"replies":[{"embeddable":true,"href":"https:\/\/estrategica.com.co\/blog\/wp-json\/wp\/v2\/comments?post=8196"}],"version-history":[{"count":7,"href":"https:\/\/estrategica.com.co\/blog\/wp-json\/wp\/v2\/posts\/8196\/revisions"}],"predecessor-version":[{"id":47710,"href":"https:\/\/estrategica.com.co\/blog\/wp-json\/wp\/v2\/posts\/8196\/revisions\/47710"}],"wp:featuredmedia":[{"embeddable":true,"href":"https:\/\/estrategica.com.co\/blog\/wp-json\/wp\/v2\/media\/8198"}],"wp:attachment":[{"href":"https:\/\/estrategica.com.co\/blog\/wp-json\/wp\/v2\/media?parent=8196"}],"wp:term":[{"taxonomy":"category","embeddable":true,"href":"https:\/\/estrategica.com.co\/blog\/wp-json\/wp\/v2\/categories?post=8196"},{"taxonomy":"post_tag","embeddable":true,"href":"https:\/\/estrategica.com.co\/blog\/wp-json\/wp\/v2\/tags?post=8196"}],"curies":[{"name":"wp","href":"https:\/\/api.w.org\/{rel}","templated":true}]}}