{"id":8363,"date":"2009-03-28T19:10:07","date_gmt":"2009-03-28T19:10:07","guid":{"rendered":"http:\/\/estrategica.com.co\/blog\/?p=8363"},"modified":"2015-03-16T15:17:45","modified_gmt":"2015-03-16T20:17:45","slug":"saben-mucho-mas-mucho-mejor-cavallo-y-beliz","status":"publish","type":"post","link":"https:\/\/estrategica.com.co\/blog\/saben-mucho-mas-mucho-mejor-cavallo-y-beliz\/","title":{"rendered":"Saben mucho m\u00e1s, mucho mejor &#8211; Cavallo y Beliz"},"content":{"rendered":"<p> <script type='text\/javascript' src='https:\/\/estrategica.com.co\/blog\/wp-content\/plugins\/hana-flv-player\/flowplayer3\/example\/flowplayer-3.2.6.min.js'><\/script>\n<div >\n<div id='hana_flv_flow3_1' style='display:block;width:550px;height:413px;background-color:#555555;color:#ffffff;padding:0' title=\"*Video:saben mucho m\u00e1s, mucho mejor - cavallo y beliz\"><\/div>\n<\/div>\n\n<script  type='text\/javascript'>\nif (typeof g_hanaFlash !== 'undefined' && !g_hanaFlash){\n    jQuery('#hana_flv_flow3_1').css( 'padding', '5px' );\n\tjQuery('#hana_flv_flow3_1').html(\"<span class='inactive_message' style='display:block'>Sorry, your browser does not support Flash Video Player<\/span> *Video:saben mucho m\u00e1s, mucho mejor - cavallo y beliz\");\n}else{\t\t\t\n\t\tflowplayer('hana_flv_flow3_1', { src: 'https:\/\/estrategica.com.co\/blog\/wp-content\/plugins\/hana-flv-player\/flowplayer3\/flowplayer-3.2.7.swf', wmode: 'transparent' }, { \n\n\t\t\tcanvas: { backgroundColor: '#000000', backgroundGradient: 'none',},\n    \t\tclip:  { \n    \t\t\turl: '\/blog\/wp-content\/uploads\/2009\/01\/videos_varios_f\/Viejas_campa_politicas_Cavallo_Beliz.flv',\n        \t\tscaling: 'fit', autoPlay: false, autoBuffering: true \n\t\t\t\t   , onFinish : function () { this.seek(0); }  \n\n\t        }\n\n\t\t});\n}\n<\/script><br \/>\n<\/br><\/p>\n<p>[icon color=\u00bbAccent-Color\u00bb size=\u00bbregular\u00bb image=\u00bbsteadysets-icon-chat\u00bb] <strong>Contexto<\/strong><\/br><\/br><\/p>\n<p style=\"text-align: justify;\">Spot de la campa\u00f1a de Domingo Cavallo y Gustavo Beliz para las elecciones porte\u00f1as. El ex titular de Econom\u00eda, Cavallo, encabezar\u00e1 la lista de diputados nacionales y su ex par de Interior, Beliz, la de legisladores porte\u00f1os.<span style=\"mso-spacerun: yes;\">\u00a0 <\/span>En slogan es un poco presuntuoso: \u201cSaben mucho m\u00e1s, mucho mejor\u201d. La formula de Cavallo + Beliz asi como el nivel de la composici\u00f3n e las listas, hacia que se pensara en un Dream Team pol\u00edtico con propuestas e iniciativas para sacar adelante. El centro de su programa estaba en el llamado \u201cPresupuesto Social Alternativo\u201d que se basaba en una inversi\u00f3n de 10 mil millones de pesos y en recortes a os gastos reservados que manejaba el gobierno.<\/p><\/p>\n","protected":false},"excerpt":{"rendered":"<p>*Video: saben mucho m\u00e1s, mucho mejor &#8211; cavallo y beliz [icon color=\u00bbAccent-Color\u00bb size=\u00bbregular\u00bb image=\u00bbsteadysets-icon-chat\u00bb] Contexto Spot de la campa\u00f1a de Domingo Cavallo y Gustavo Beliz para las elecciones porte\u00f1as. El ex titular de Econom\u00eda, Cavallo, encabezar\u00e1 la lista de diputados nacionales y su ex par de Interior, Beliz, la de legisladores porte\u00f1os.\u00a0 En slogan es [&hellip;]<\/p>\n","protected":false},"author":5,"featured_media":8364,"comment_status":"open","ping_status":"open","sticky":false,"template":"","format":"standard","meta":{"_et_pb_use_builder":"","_et_pb_old_content":"","_et_gb_content_width":"","advanced_seo_description":"","jetpack_seo_html_title":"","jetpack_seo_noindex":false,"footnotes":""},"categories":[24,58,34,10,11,3],"tags":[360,362,361],"class_list":["post-8363","post","type-post","status-publish","format-standard","has-post-thumbnail","hentry","category-argentina","category-campana-colegiada","category-electoral","category-geo","category-temas","category-video","tag-domingo-cavallo","tag-elecciones-1997","tag-gustavo-beliz"],"jetpack_featured_media_url":"https:\/\/i0.wp.com\/estrategica.com.co\/blog\/wp-content\/uploads\/2009\/03\/viejas_campa_politicas_cavallo_beliz_thumb.png?fit=314%2C240&ssl=1","jetpack_shortlink":"https:\/\/wp.me\/p4wgsh-2aT","jetpack-related-posts":[{"id":13960,"url":"https:\/\/estrategica.com.co\/blog\/garantia-de-buen-gobierno-cavallo\/","url_meta":{"origin":8363,"position":0},"title":"Garantia de Buen Gobierno &#8211; Cavallo","author":"estrategica.com","date":"junio 6, 2010","format":false,"excerpt":"[hana-flv-player video=\"\/blog\/wp-content\/uploads\/2009\/01\/videos_ultimos\/av052.flv\" width=\"550\" height=\"\" description=\"Garantia de Buen Gobierno - Cavallo\" clickurl=\"\" clicktarget=\"\" player=\"4\" autoplay=\"false\" loop=\"false\" autorewind=\"true\" splashimage=\"\" skin=\"\" \/] [icon color=\"Accent-Color\" size=\"regular\" image=\"steadysets-icon-chat\"] Contexto Spot de la campa\u00f1a de Domingo Cavallo a la Presidencia de Argentina durante la contienda electoral 1999. En dicho certamen Cavallo obtuvo 2 millones de votos\u2026","rel":"","context":"En \u00abArgentina\u00bb","block_context":{"text":"Argentina","link":"https:\/\/estrategica.com.co\/blog\/category\/geo\/america\/argentina\/"},"img":{"alt_text":"","src":"https:\/\/i0.wp.com\/estrategica.com.co\/blog\/wp-content\/uploads\/2009\/05\/av052_thumb.png?fit=386%2C274&ssl=1&resize=350%2C200","width":350,"height":200},"classes":[]},{"id":24412,"url":"https:\/\/estrategica.com.co\/blog\/conocer-las-calles-ibarra\/","url_meta":{"origin":8363,"position":1},"title":"Conocer las Calles &#8211; Ibarra","author":"Juliana","date":"julio 26, 2010","format":false,"excerpt":"[hana-flv-player video=\"\/blog\/wp-content\/uploads\/2009\/01\/20100708\/SpotSouto11.flv\" width=\"550\" height=\"\" description=\"Conocer las Calles - Ibarra\" clickurl=\"\" clicktarget=\"\" player=\"4\" autoplay=\"false\" loop=\"false\" autorewind=\"true\" splashimage=\"\" skin=\"\" \/] [icon color=\"Accent-Color\" size=\"regular\" image=\"steadysets-icon-chat\"] Contexto Spot de la campa\u00f1a de An\u00edbal Ibarra a la jefatura del gobierno de la ciudad de Buenos Aires, durante la contienda electoral del 2000. Ibarra es el\u2026","rel":"","context":"En \u00ab2000\u00bb","block_context":{"text":"2000","link":"https:\/\/estrategica.com.co\/blog\/category\/ano\/2000\/"},"img":{"alt_text":"","src":"https:\/\/i0.wp.com\/estrategica.com.co\/blog\/wp-content\/uploads\/2010\/07\/SpotSouto11_thumb.png?fit=517%2C406&ssl=1&resize=350%2C200","width":350,"height":200},"classes":[]},{"id":24444,"url":"https:\/\/estrategica.com.co\/blog\/proyectos-en-marcha-ibarra\/","url_meta":{"origin":8363,"position":2},"title":"Proyectos en Marcha &#8211; Ibarra","author":"Juliana","date":"julio 26, 2010","format":false,"excerpt":"[hana-flv-player video=\"\/blog\/wp-content\/uploads\/2009\/01\/20100708\/SpotsSouto1.flv\" width=\"550\" height=\"\" description=\"Proyectos en Marcha - Ibarra\" clickurl=\"\" clicktarget=\"\" player=\"4\" autoplay=\"false\" loop=\"false\" autorewind=\"true\" splashimage=\"\" skin=\"\" \/] [icon color=\"Accent-Color\" size=\"regular\" image=\"steadysets-icon-chat\"] Contexto Spot de la campa\u00f1a de An\u00edbal Ibarra a la jefatura del gobierno de la ciudad de Buenos Aires, durante la contienda electoral del 2000. Ibarra es el\u2026","rel":"","context":"En \u00ab2000\u00bb","block_context":{"text":"2000","link":"https:\/\/estrategica.com.co\/blog\/category\/ano\/2000\/"},"img":{"alt_text":"","src":"https:\/\/i0.wp.com\/estrategica.com.co\/blog\/wp-content\/uploads\/2010\/07\/SpotsSouto1_thumb.png?fit=520%2C389&ssl=1&resize=350%2C200","width":350,"height":200},"classes":[]},{"id":1932,"url":"https:\/\/estrategica.com.co\/blog\/spot_de_la_rua\/","url_meta":{"origin":8363,"position":3},"title":"Ruckauf es el vice de Menem&#8230; &#8211; De la Rua","author":"Juliana","date":"marzo 14, 2009","format":false,"excerpt":"[hana-flv-player video=\"\/blog\/wp-content\/uploads\/2009\/01\/argentina\/SPOT_DE_LA_RUA.flv\" width=\"550\" height=\"\" description=\"Ruckauf es el vice de Menem... - De la Rua\" clickurl=\"\" clicktarget=\"\" player=\"4\" autoplay=\"false\" loop=\"false\" autorewind=\"true\" splashimage=\"\" skin=\"\" \/] [icon color=\"Accent-Color\" size=\"regular\" image=\"steadysets-icon-chat\"] Contexto Spot de la campa\u00f1a de Fernando de La Rua durante las elecciones de 1999. La campa\u00f1a de la Alianza que lideraba De\u2026","rel":"","context":"En \u00abArgentina\u00bb","block_context":{"text":"Argentina","link":"https:\/\/estrategica.com.co\/blog\/category\/geo\/america\/argentina\/"},"img":{"alt_text":"","src":"https:\/\/i0.wp.com\/estrategica.com.co\/blog\/wp-content\/uploads\/2009\/01\/spot_de_la_rua_thumb.png?fit=302%2C220&ssl=1&resize=350%2C200","width":350,"height":200},"classes":[]},{"id":1941,"url":"https:\/\/estrategica.com.co\/blog\/spots_argentinos\/","url_meta":{"origin":8363,"position":4},"title":"Historia de Spot Politicos Argentinos","author":"Juliana","date":"marzo 15, 2009","format":false,"excerpt":"[hana-flv-player video=\"\/blog\/wp-content\/uploads\/2009\/01\/argentina\/spots_argentinos.flv\" width=\"550\" height=\"\" description=\"Historia de Spot Politicos Argentinos\" clickurl=\"\" clicktarget=\"\" player=\"4\" autoplay=\"false\" loop=\"false\" autorewind=\"true\" splashimage=\"\" skin=\"\" \/] [icon color=\"Accent-Color\" size=\"regular\" image=\"steadysets-icon-chat\"] Contexto Video de la televisi\u00f3n Argentina en donde el historiador Felipe Pigna hace un recuento de la evoluci\u00f3n de la publicidad pol\u00edtica Argentina. El video muestra spots de\u2026","rel":"","context":"En \u00abArgentina\u00bb","block_context":{"text":"Argentina","link":"https:\/\/estrategica.com.co\/blog\/category\/geo\/america\/argentina\/"},"img":{"alt_text":"","src":"https:\/\/i0.wp.com\/estrategica.com.co\/blog\/wp-content\/uploads\/2009\/01\/spots_argentinos_thumb.png?fit=286%2C213&ssl=1&resize=350%2C200","width":350,"height":200},"classes":[]},{"id":695,"url":"https:\/\/estrategica.com.co\/blog\/la-mitad-lo-quiere-todos-lo-respetan\/","url_meta":{"origin":8363,"position":5},"title":"La mitad lo quiere. Todos lo respetan.","author":"estrategica.com","date":"enero 9, 2009","format":false,"excerpt":"Campa\u00f1a a las elecciones parlamentarias de 2001 por la provincia de Buenos Aires. Este es el primer afiche de la campa\u00f1a de Alfons\u00edn. Aparece el rostro del expresidente en primer plano, media cara y la frase \u201cLa mitad lo quiere. Todos lo respetan\u201d. La campa\u00f1a se da durante el ejercicio\u2026","rel":"","context":"En \u00abAFICHES\u00bb","block_context":{"text":"AFICHES","link":"https:\/\/estrategica.com.co\/blog\/category\/afiches\/"},"img":{"alt_text":"","src":"https:\/\/i0.wp.com\/estrategica.com.co\/blog\/wp-content\/uploads\/2009\/01\/candida64.jpg?fit=425%2C308&ssl=1&resize=350%2C200","width":350,"height":200},"classes":[]}],"jetpack_sharing_enabled":true,"_links":{"self":[{"href":"https:\/\/estrategica.com.co\/blog\/wp-json\/wp\/v2\/posts\/8363","targetHints":{"allow":["GET"]}}],"collection":[{"href":"https:\/\/estrategica.com.co\/blog\/wp-json\/wp\/v2\/posts"}],"about":[{"href":"https:\/\/estrategica.com.co\/blog\/wp-json\/wp\/v2\/types\/post"}],"author":[{"embeddable":true,"href":"https:\/\/estrategica.com.co\/blog\/wp-json\/wp\/v2\/users\/5"}],"replies":[{"embeddable":true,"href":"https:\/\/estrategica.com.co\/blog\/wp-json\/wp\/v2\/comments?post=8363"}],"version-history":[{"count":4,"href":"https:\/\/estrategica.com.co\/blog\/wp-json\/wp\/v2\/posts\/8363\/revisions"}],"predecessor-version":[{"id":47725,"href":"https:\/\/estrategica.com.co\/blog\/wp-json\/wp\/v2\/posts\/8363\/revisions\/47725"}],"wp:featuredmedia":[{"embeddable":true,"href":"https:\/\/estrategica.com.co\/blog\/wp-json\/wp\/v2\/media\/8364"}],"wp:attachment":[{"href":"https:\/\/estrategica.com.co\/blog\/wp-json\/wp\/v2\/media?parent=8363"}],"wp:term":[{"taxonomy":"category","embeddable":true,"href":"https:\/\/estrategica.com.co\/blog\/wp-json\/wp\/v2\/categories?post=8363"},{"taxonomy":"post_tag","embeddable":true,"href":"https:\/\/estrategica.com.co\/blog\/wp-json\/wp\/v2\/tags?post=8363"}],"curies":[{"name":"wp","href":"https:\/\/api.w.org\/{rel}","templated":true}]}}