{"id":8366,"date":"2009-03-28T18:37:59","date_gmt":"2009-03-28T18:37:59","guid":{"rendered":"http:\/\/estrategica.com.co\/blog\/?p=8366"},"modified":"2015-03-16T15:18:46","modified_gmt":"2015-03-16T20:18:46","slug":"maria-soy-mama-comunidad-de-madrid","status":"publish","type":"post","link":"https:\/\/estrategica.com.co\/blog\/maria-soy-mama-comunidad-de-madrid\/","title":{"rendered":"Maria soy Mam\u00e1 &#8211; Comunidad de Madrid"},"content":{"rendered":"<p> <script type='text\/javascript' src='https:\/\/estrategica.com.co\/blog\/wp-content\/plugins\/hana-flv-player\/flowplayer3\/example\/flowplayer-3.2.6.min.js'><\/script>\n<div >\n<div id='hana_flv_flow3_1' style='display:block;width:550px;height:413px;background-color:#555555;color:#ffffff;padding:0' title=\"*Video:maria soy mam\u00e1 - comunidad de madrid\"><\/div>\n<\/div>\n\n<script  type='text\/javascript'>\nif (typeof g_hanaFlash !== 'undefined' && !g_hanaFlash){\n    jQuery('#hana_flv_flow3_1').css( 'padding', '5px' );\n\tjQuery('#hana_flv_flow3_1').html(\"<span class='inactive_message' style='display:block'>Sorry, your browser does not support Flash Video Player<\/span> *Video:maria soy mam\u00e1 - comunidad de madrid\");\n}else{\t\t\t\n\t\tflowplayer('hana_flv_flow3_1', { src: 'https:\/\/estrategica.com.co\/blog\/wp-content\/plugins\/hana-flv-player\/flowplayer3\/flowplayer-3.2.7.swf', wmode: 'transparent' }, { \n\n\t\t\tcanvas: { backgroundColor: '#000000', backgroundGradient: 'none',},\n    \t\tclip:  { \n    \t\t\turl: '\/blog\/wp-content\/uploads\/2009\/01\/videos_varios_f\/Violencia_de_Gnero_Madre.flv',\n        \t\tscaling: 'fit', autoPlay: false, autoBuffering: true \n\t\t\t\t   , onFinish : function () { this.seek(0); }  \n\n\t        }\n\n\t\t});\n}\n<\/script><br \/>\n<\/br><\/p>\n<p>[icon color=\u00bbAccent-Color\u00bb size=\u00bbregular\u00bb image=\u00bbsteadysets-icon-chat\u00bb] <strong>Contexto<\/strong><\/br><\/br><\/p>\n<p style=\"text-align: justify;\">Campa\u00f1a de la Comunidad de Madrid contra la violencia de g\u00e9nero en el a\u00f1o 2008. En la historia hay una mujer que llama y del otro lado se encuentra su madre o una amiga. La pieza posiciona el hecho de que la victima decidi\u00f3 hacer algo, la campa\u00f1a parte del hecho que si no se denuncia o no se toma la decisi\u00f3n de actuar no asara nada y seguiremos en el ciclo del maltrato.<\/p><\/p>\n","protected":false},"excerpt":{"rendered":"<p>*Video: maria soy mam\u00e1 &#8211; comunidad de madrid [icon color=\u00bbAccent-Color\u00bb size=\u00bbregular\u00bb image=\u00bbsteadysets-icon-chat\u00bb] Contexto Campa\u00f1a de la Comunidad de Madrid contra la violencia de g\u00e9nero en el a\u00f1o 2008. En la historia hay una mujer que llama y del otro lado se encuentra su madre o una amiga. La pieza posiciona el hecho de que la [&hellip;]<\/p>\n","protected":false},"author":5,"featured_media":8367,"comment_status":"open","ping_status":"open","sticky":false,"template":"","format":"standard","meta":{"_et_pb_use_builder":"","_et_pb_old_content":"","_et_gb_content_width":"","advanced_seo_description":"","jetpack_seo_html_title":"","jetpack_seo_noindex":false,"footnotes":""},"categories":[268,263,28,36,27,23,10,35,11,3],"tags":[167,317,316],"class_list":["post-8366","post","type-post","status-publish","format-standard","has-post-thumbnail","hentry","category-268","category-ano","category-comunicacion-gobierno","category-de-gobierno","category-divulgacion-politica","category-espana","category-geo","category-mensaje-politico","category-temas","category-video","tag-derechos-humanos","tag-maltrato","tag-violencia-de-genero"],"jetpack_featured_media_url":"https:\/\/i0.wp.com\/estrategica.com.co\/blog\/wp-content\/uploads\/2009\/03\/violencia_de_gnero_madre_thumb.png?fit=262%2C181&ssl=1","jetpack_shortlink":"https:\/\/wp.me\/p4wgsh-2aW","jetpack-related-posts":[{"id":15893,"url":"https:\/\/estrategica.com.co\/blog\/karla-comunidad-de-madrid\/","url_meta":{"origin":8366,"position":0},"title":"Karla &#8211; Comunidad de Madrid","author":"Juliana","date":"junio 13, 2009","format":false,"excerpt":"[hana-flv-player video=\"\/blog\/wp-content\/uploads\/2009\/01\/videos_ultimos\/av330.flv\" width=\"550\" height=\"\" description=\"La Voz de los que Nadie Escucha - Pobreza Cero\" clickurl=\"\" clicktarget=\"\" player=\"4\" autoplay=\"false\" loop=\"false\" autorewind=\"true\" splashimage=\"\" skin=\"\" \/] [icon color=\"Accent-Color\" size=\"regular\" image=\"steadysets-icon-chat\"] Contexto Spot de la Comunidad de Madrid durante el desarrollo de una campa\u00f1a contra el maltrato. La estrategia es incentivar la denuncia, pues\u2026","rel":"","context":"En \u00ab2007\u00bb","block_context":{"text":"2007","link":"https:\/\/estrategica.com.co\/blog\/category\/ano\/2007\/"},"img":{"alt_text":"","src":"https:\/\/i0.wp.com\/estrategica.com.co\/blog\/wp-content\/uploads\/2009\/05\/av330_thumb.png?fit=450%2C337&ssl=1&resize=350%2C200","width":350,"height":200},"classes":[]},{"id":13952,"url":"https:\/\/estrategica.com.co\/blog\/mi-padre-comunidad-de-madrid\/","url_meta":{"origin":8366,"position":1},"title":"Mi Padre &#8211; Comunidad de Madrid","author":"estrategica.com","date":"abril 17, 2011","format":false,"excerpt":"[hana-flv-player video=\"\/blog\/wp-content\/uploads\/2009\/01\/videos_ultimos\/av051.flv\" width=\"550\" height=\"\" description=\"Mi Padre - Comunidad de Madrid\" clickurl=\"\" clicktarget=\"\" player=\"4\" autoplay=\"false\" loop=\"false\" autorewind=\"true\" splashimage=\"\" skin=\"\" \/] [icon color=\"Accent-Color\" size=\"regular\" image=\"steadysets-icon-chat\"] Contexto Spot de la Comunidad de Madrid contra la violencia de genero, la pieza fue emitida en 2005. Es interesante el recurso de focalizar la comunicaci\u00f3n en\u2026","rel":"","context":"En \u00ab2005\u00bb","block_context":{"text":"2005","link":"https:\/\/estrategica.com.co\/blog\/category\/ano\/2005\/"},"img":{"alt_text":"","src":"https:\/\/i0.wp.com\/estrategica.com.co\/blog\/wp-content\/uploads\/2009\/05\/av051_thumb.png?fit=453%2C346&ssl=1&resize=350%2C200","width":350,"height":200},"classes":[]},{"id":18263,"url":"https:\/\/estrategica.com.co\/blog\/violencia-de-genero-psoe\/","url_meta":{"origin":8366,"position":2},"title":"Violencia de G\u00e9nero &#8211; PSOE","author":"Juliana","date":"junio 30, 2009","format":false,"excerpt":"[hana-flv-player video=\"\/blog\/wp-content\/uploads\/2009\/01\/videosultimosconver\/violenciadegenero.flv\" width=\"550\" height=\"\" description=\"Violencia de G\u00e9nero - PSOE\" clickurl=\"\" clicktarget=\"\" player=\"4\" autoplay=\"false\" loop=\"false\" autorewind=\"true\" splashimage=\"\" skin=\"\" \/] [icon color=\"Accent-Color\" size=\"regular\" image=\"steadysets-icon-chat\"] Contexto Acto del PSOE en donde un grupo de actores, en presencia de la Ministra de Igualdad, posicionan un mensaje con ocasi\u00f3n del d\u00eda internacional de la lucha\u2026","rel":"","context":"En \u00ab2008\u00bb","block_context":{"text":"2008","link":"https:\/\/estrategica.com.co\/blog\/category\/ano\/2008\/"},"img":{"alt_text":"","src":"https:\/\/i0.wp.com\/estrategica.com.co\/blog\/wp-content\/uploads\/2009\/06\/violenciadegenero_thumb.png?fit=659%2C419&ssl=1&resize=350%2C200","width":350,"height":200},"classes":[]},{"id":2677,"url":"https:\/\/estrategica.com.co\/blog\/%c2%bfconoces-algun-parlamentario-aragones-en-madrid\/","url_meta":{"origin":8366,"position":3},"title":"\u00bfCONOCES ALGUN PARLAMENTARIO ARAGONES EN MADRID?","author":"Juliana","date":"febrero 14, 2009","format":false,"excerpt":"[hana-flv-player video=\"\/blog\/wp-content\/uploads\/2009\/01\/ESPANA\/Conoces_Paralamentarios_Aragoneces.flv\" width=\"550\" height=\"\" description=\"\u00bfCONOCES ALGUN PARLAMENTARIO ARAGONES EN MADRID?\" clickurl=\"\" clicktarget=\"\" player=\"4\" autoplay=\"false\" loop=\"false\" autorewind=\"true\" splashimage=\"\" skin=\"\" \/] [icon color=\"Accent-Color\" size=\"regular\" image=\"steadysets-icon-chat\"] Contexto Spot de campa\u00f1a de la \u201cChunta Aragonesista\u201d o Junta Aragonesa.\u00a0 En \u00e9l se hace una pregunta contundente: \u00bfCONOCES ALGUN PARLAMENTARIO ARAGONES EN MADRID? Y ante la\u2026","rel":"","context":"En \u00ab2008\u00bb","block_context":{"text":"2008","link":"https:\/\/estrategica.com.co\/blog\/category\/ano\/2008\/"},"img":{"alt_text":"","src":"","width":0,"height":0},"classes":[]},{"id":6985,"url":"https:\/\/estrategica.com.co\/blog\/ante-el-maltratador-tolerancia-cero-hombres\/","url_meta":{"origin":8366,"position":4},"title":"Ante el maltratador tolerancia cero &#8211; hombres","author":"Juliana","date":"marzo 20, 2009","format":false,"excerpt":"[hana-flv-player video=\"\/blog\/wp-content\/uploads\/2009\/01\/videos_varios_f\/Ante_el_maltratador_tolerancia_cero_spot_hombres_0_0.flv\" width=\"550\" height=\"\" description=\"Ante el maltratador tolerancia cero - hombres\" clickurl=\"\" clicktarget=\"\" player=\"4\" autoplay=\"false\" loop=\"false\" autorewind=\"true\" splashimage=\"\" skin=\"\" \/] [icon color=\"Accent-Color\" size=\"regular\" image=\"steadysets-icon-chat\"] Contexto Campa\u00f1a del Ministerio de Igualdad contra la violencia de g\u00e9nero: \u201cAnte el maltratador, tolerancia cero\u201d lanzada el 8 de julio de 2008. El Ministerio expres\u00f3,\u2026","rel":"","context":"En \u00ab2008\u00bb","block_context":{"text":"2008","link":"https:\/\/estrategica.com.co\/blog\/category\/ano\/2008\/"},"img":{"alt_text":"","src":"","width":0,"height":0},"classes":[]},{"id":6991,"url":"https:\/\/estrategica.com.co\/blog\/ante-el-maltratador-tolerancia-cero-mujeres\/","url_meta":{"origin":8366,"position":5},"title":"Ante el maltratador tolerancia cero &#8211; mujeres","author":"Juliana","date":"marzo 20, 2009","format":false,"excerpt":"[hana-flv-player video=\"\/blog\/wp-content\/uploads\/2009\/01\/videos_varios_f\/Ante_el_maltratador_tolerancia_cero_spot_mujeres_0.flv\" width=\"550\" height=\"\" description=\"Ante el maltratador tolerancia cero - mujeres\" clickurl=\"\" clicktarget=\"\" player=\"4\" autoplay=\"false\" loop=\"false\" autorewind=\"true\" splashimage=\"\" skin=\"\" \/] [icon color=\"Accent-Color\" size=\"regular\" image=\"steadysets-icon-chat\"] Contexto Campa\u00f1a del Ministerio de Igualdad contra la violencia de g\u00e9nero: \u201cAnte el maltratador, tolerancia cero\u201d lanzada el 8 de julio de 2008. El Ministerio expres\u00f3,\u2026","rel":"","context":"En \u00ab2008\u00bb","block_context":{"text":"2008","link":"https:\/\/estrategica.com.co\/blog\/category\/ano\/2008\/"},"img":{"alt_text":"","src":"","width":0,"height":0},"classes":[]}],"jetpack_sharing_enabled":true,"_links":{"self":[{"href":"https:\/\/estrategica.com.co\/blog\/wp-json\/wp\/v2\/posts\/8366","targetHints":{"allow":["GET"]}}],"collection":[{"href":"https:\/\/estrategica.com.co\/blog\/wp-json\/wp\/v2\/posts"}],"about":[{"href":"https:\/\/estrategica.com.co\/blog\/wp-json\/wp\/v2\/types\/post"}],"author":[{"embeddable":true,"href":"https:\/\/estrategica.com.co\/blog\/wp-json\/wp\/v2\/users\/5"}],"replies":[{"embeddable":true,"href":"https:\/\/estrategica.com.co\/blog\/wp-json\/wp\/v2\/comments?post=8366"}],"version-history":[{"count":6,"href":"https:\/\/estrategica.com.co\/blog\/wp-json\/wp\/v2\/posts\/8366\/revisions"}],"predecessor-version":[{"id":47727,"href":"https:\/\/estrategica.com.co\/blog\/wp-json\/wp\/v2\/posts\/8366\/revisions\/47727"}],"wp:featuredmedia":[{"embeddable":true,"href":"https:\/\/estrategica.com.co\/blog\/wp-json\/wp\/v2\/media\/8367"}],"wp:attachment":[{"href":"https:\/\/estrategica.com.co\/blog\/wp-json\/wp\/v2\/media?parent=8366"}],"wp:term":[{"taxonomy":"category","embeddable":true,"href":"https:\/\/estrategica.com.co\/blog\/wp-json\/wp\/v2\/categories?post=8366"},{"taxonomy":"post_tag","embeddable":true,"href":"https:\/\/estrategica.com.co\/blog\/wp-json\/wp\/v2\/tags?post=8366"}],"curies":[{"name":"wp","href":"https:\/\/api.w.org\/{rel}","templated":true}]}}