{"id":879,"date":"2009-01-12T03:08:18","date_gmt":"2009-01-12T03:08:18","guid":{"rendered":"http:\/\/estrategica.com.co\/blog\/?p=879"},"modified":"2009-01-31T12:51:40","modified_gmt":"2009-01-31T12:51:40","slug":"pon-tu-voto-a-trabajar","status":"publish","type":"post","link":"https:\/\/estrategica.com.co\/blog\/pon-tu-voto-a-trabajar\/","title":{"rendered":"Pon tu voto a trabajar."},"content":{"rendered":"<p><img loading=\"lazy\" decoding=\"async\" data-attachment-id=\"878\" data-permalink=\"https:\/\/estrategica.com.co\/blog\/pon-tu-voto-a-trabajar\/79_pce_voto_a_trabajar\/\" data-orig-file=\"https:\/\/i0.wp.com\/estrategica.com.co\/blog\/wp-content\/uploads\/2009\/01\/79_pce_voto_a_trabajar.jpg?fit=350%2C543&amp;ssl=1\" data-orig-size=\"350,543\" data-comments-opened=\"1\" data-image-meta=\"{&quot;aperture&quot;:&quot;0&quot;,&quot;credit&quot;:&quot;&quot;,&quot;camera&quot;:&quot;&quot;,&quot;caption&quot;:&quot;&quot;,&quot;created_timestamp&quot;:&quot;0&quot;,&quot;copyright&quot;:&quot;&quot;,&quot;focal_length&quot;:&quot;0&quot;,&quot;iso&quot;:&quot;0&quot;,&quot;shutter_speed&quot;:&quot;0&quot;,&quot;title&quot;:&quot;&quot;}\" data-image-title=\"79_pce_voto_a_trabajar\" data-image-description=\"\" data-image-caption=\"\" data-medium-file=\"https:\/\/i0.wp.com\/estrategica.com.co\/blog\/wp-content\/uploads\/2009\/01\/79_pce_voto_a_trabajar.jpg?fit=193%2C300&amp;ssl=1\" data-large-file=\"https:\/\/i0.wp.com\/estrategica.com.co\/blog\/wp-content\/uploads\/2009\/01\/79_pce_voto_a_trabajar.jpg?fit=350%2C543&amp;ssl=1\" class=\"alignnone size-full wp-image-878\" title=\"79_pce_voto_a_trabajar\" src=\"https:\/\/i0.wp.com\/estrategica.com.co\/blog\/wp-content\/uploads\/2009\/01\/79_pce_voto_a_trabajar.jpg?resize=350%2C543\" alt=\"79_pce_voto_a_trabajar\" width=\"350\" height=\"543\" srcset=\"https:\/\/i0.wp.com\/estrategica.com.co\/blog\/wp-content\/uploads\/2009\/01\/79_pce_voto_a_trabajar.jpg?w=350&amp;ssl=1 350w, https:\/\/i0.wp.com\/estrategica.com.co\/blog\/wp-content\/uploads\/2009\/01\/79_pce_voto_a_trabajar.jpg?resize=193%2C300&amp;ssl=1 193w\" sizes=\"(max-width: 350px) 100vw, 350px\" data-recalc-dims=\"1\" \/><\/p>\n<p style=\"text-align: justify;\">Cartel del Partido Comunista Espa\u00f1ol para las Elecciones de 1979. La imagen es de Santiago Carrillo, el candidato hist\u00f3rico del Partido Comunista Espa\u00f1ol, con un semblante tradicional y poco atractivo. El slogan en cambio es llamativo \u201cPon tu voto a Trabajar\u201d. La idea es que la gente esta cansada de promesas y quiere realizaciones concretas y hacia all\u00e1 se dirige la estrategia comunista. Ese ser\u00e1 el concepto central pero habr\u00e1 otros slogans dependiendo de la audiencia a la que se dirija el mensaje: para los j\u00f3venes: \u00abHazte o\u00edr a los dieciocho a\u00f1os\u00bb, para los obreros: \u00ab La democracia, para quien la trabaja\u00bb, para las amas de casa: \u00abMete la democracia en la cesta de la compra\u00bb\u00a0 y para todos: \u00abDesarma con tu voto al terrorismo\u00bb. Un mensaje creativo con una imagen tradicional.<\/p>\n<p style=\"text-align: justify;\">\u00a0<\/p>\n","protected":false},"excerpt":{"rendered":"<p>Cartel del Partido Comunista Espa\u00f1ol para las Elecciones de 1979. La imagen es de Santiago Carrillo, el candidato hist\u00f3rico del Partido Comunista Espa\u00f1ol, con un semblante tradicional y poco atractivo. El slogan en cambio es llamativo \u201cPon tu voto a Trabajar\u201d. La idea es que la gente esta cansada de promesas y quiere realizaciones concretas [&hellip;]<\/p>\n","protected":false},"author":4,"featured_media":878,"comment_status":"open","ping_status":"open","sticky":false,"template":"","format":"standard","meta":{"_et_pb_use_builder":"","_et_pb_old_content":"","_et_gb_content_width":"","advanced_seo_description":"","jetpack_seo_html_title":"","jetpack_seo_noindex":false,"footnotes":""},"categories":[5,57,23,46,10,11],"tags":[151,152,150],"class_list":["post-879","post","type-post","status-publish","format-standard","has-post-thumbnail","hentry","category-afiches","category-campana-presidencial","category-espana","category-fotograficos","category-geo","category-temas","tag-elecciones-1979","tag-partido-comunista-espanol","tag-santiago-carrillo"],"jetpack_featured_media_url":"https:\/\/i0.wp.com\/estrategica.com.co\/blog\/wp-content\/uploads\/2009\/01\/79_pce_voto_a_trabajar.jpg?fit=350%2C543&ssl=1","jetpack_shortlink":"https:\/\/wp.me\/p4wgsh-eb","jetpack-related-posts":[{"id":882,"url":"https:\/\/estrategica.com.co\/blog\/pon-tu-voto-a-trabajar-2\/","url_meta":{"origin":879,"position":0},"title":"Pon tu voto a trabajar.","author":"estrategica.com","date":"enero 12, 2009","format":false,"excerpt":"Cartel del Partido Comunista Espa\u00f1ol para las Elecciones de 1979. Cartel que desarrolla el slogan de la campa\u00f1a central en donde aparece la imagen de Santiago Carrillo, el candidato hist\u00f3rico del Partido Comunista Espa\u00f1ol, con un semblante tradicional y poco atractivo. El slogan en cambio es llamativo \u201cPon tu voto\u2026","rel":"","context":"En \u00abAFICHES\u00bb","block_context":{"text":"AFICHES","link":"https:\/\/estrategica.com.co\/blog\/category\/afiches\/"},"img":{"alt_text":"","src":"","width":0,"height":0},"classes":[]},{"id":914,"url":"https:\/\/estrategica.com.co\/blog\/un-gobierno-firme-para-una-sociedad-justa\/","url_meta":{"origin":879,"position":1},"title":"Un Gobierno firme para una Sociedad Justa.","author":"estrategica.com","date":"enero 12, 2009","format":false,"excerpt":"Afiche de campa\u00f1a para las elecciones de 1979. La fotograf\u00eda, en blanco y negro, muestra a Felipe Gonz\u00e1lez en actitud facial de dialogo. Los slogans elegidos por el PSOE para esa campa\u00f1a fueron: \u201cTu voto es nuestra fuerza\u201d, \u201cUn gobierno firme para una sociedad justa\u201d y \u201cUn gobierno firme para\u2026","rel":"","context":"En \u00abAFICHES\u00bb","block_context":{"text":"AFICHES","link":"https:\/\/estrategica.com.co\/blog\/category\/afiches\/"},"img":{"alt_text":"","src":"https:\/\/i0.wp.com\/estrategica.com.co\/blog\/wp-content\/uploads\/2009\/01\/psoe79.jpg?fit=325%2C212&ssl=1&resize=350%2C200","width":350,"height":200},"classes":[]},{"id":3300,"url":"https:\/\/estrategica.com.co\/blog\/vote-centro\/","url_meta":{"origin":879,"position":2},"title":"VOTE CENTRO","author":"estrategica.com","date":"febrero 1, 2009","format":false,"excerpt":"Afiche de la Uni\u00f3n de Centro Democr\u00e1tico para las elecciones de 1977. Adolfo Su\u00e1rez, l\u00edder de la coalici\u00f3n, desempe\u00f1a la presidencia desde julio de 1976 por designaci\u00f3n del Rey Juan Carlos. La estrategia es la de una transici\u00f3n sin sobresaltos ni extremismos. Por eso el \u00e9nfasis comunicativo que se pone\u2026","rel":"","context":"En \u00abAFICHES\u00bb","block_context":{"text":"AFICHES","link":"https:\/\/estrategica.com.co\/blog\/category\/afiches\/"},"img":{"alt_text":"","src":"https:\/\/i0.wp.com\/estrategica.com.co\/blog\/wp-content\/uploads\/2009\/02\/ucd1977.jpg?fit=300%2C435&ssl=1&resize=350%2C200","width":350,"height":200},"classes":[]},{"id":11752,"url":"https:\/\/estrategica.com.co\/blog\/%c2%bfpor-que-nos-votas-nueva-democracia\/","url_meta":{"origin":879,"position":3},"title":"\u00bfPor qu\u00e9 nos votas? &#8211; Nueva Democracia","author":"Juliana","date":"mayo 16, 2009","format":false,"excerpt":"[hana-flv-player video=\"\/blog\/wp-content\/uploads\/2009\/01\/carpeta_muchos_varios\/GreciaNeaDemokratia2007.flv\" width=\"550\" height=\"\" description=\"\u00bfPor qu\u00e9 nos votas? - Nueva Democracia\" clickurl=\"\" clicktarget=\"\" player=\"4\" autoplay=\"false\" loop=\"false\" autorewind=\"true\" splashimage=\"\" skin=\"\" \/] [icon color=\"Accent-Color\" size=\"regular\" image=\"steadysets-icon-chat\"] Contexto Spot del Partido Nueva Democracia para la contienda 2007. La coalici\u00f3n de derecha, liderada por Kostas Karamanlis, mantuvo el poder con el 41.83% de los\u2026","rel":"","context":"En \u00abCampa\u00f1a Presidencial\u00bb","block_context":{"text":"Campa\u00f1a Presidencial","link":"https:\/\/estrategica.com.co\/blog\/category\/temas\/campana-presidencial\/"},"img":{"alt_text":"","src":"","width":0,"height":0},"classes":[]},{"id":19787,"url":"https:\/\/estrategica.com.co\/blog\/laboristas-no-estan-trabajando-thatcher\/","url_meta":{"origin":879,"position":4},"title":"Laboristas no estan trabajando &#8211; Thatcher","author":"estrategica.com","date":"noviembre 15, 2009","format":false,"excerpt":"P\u00f3ster de la campa\u00f1a del Partido Laborista durante la contienda laboral de 1978. La pieza muestra una fila de desempleados \u00a0frente a una oficina p\u00fablica de empleo. El slogan \u2018Labour isn\u2019t working\u2019 juega con el tema de que los laboristas no est\u00e1n trabajando y as\u00ed mismo con la realidad de\u2026","rel":"","context":"En \u00abAFICHES\u00bb","block_context":{"text":"AFICHES","link":"https:\/\/estrategica.com.co\/blog\/category\/afiches\/"},"img":{"alt_text":"","src":"https:\/\/i0.wp.com\/estrategica.com.co\/blog\/wp-content\/uploads\/2009\/11\/30_MED.gif?fit=429%2C634&ssl=1&resize=350%2C200","width":350,"height":200},"classes":[]},{"id":19791,"url":"https:\/\/estrategica.com.co\/blog\/el-trabajo-todavia-no-funciona-thatcher\/","url_meta":{"origin":879,"position":5},"title":"El trabajo todav\u00eda no funciona &#8211; Thatcher","author":"estrategica.com","date":"noviembre 15, 2009","format":false,"excerpt":"P\u00f3ster de la campa\u00f1a del Partido Laborista durante la contienda laboral de 1978. La pieza muestra una fila de desempleados \u00a0frente a una oficina p\u00fablica de empleo. El slogan \u2018Labour isn\u2019t working\u2019 juega con el tema de que los laboristas no est\u00e1n trabajando y as\u00ed mismo con la realidad de\u2026","rel":"","context":"En \u00abAFICHES\u00bb","block_context":{"text":"AFICHES","link":"https:\/\/estrategica.com.co\/blog\/category\/afiches\/"},"img":{"alt_text":"","src":"https:\/\/i0.wp.com\/estrategica.com.co\/blog\/wp-content\/uploads\/2009\/11\/labour-still-isnt-working.jpg?fit=964%2C482&ssl=1&resize=350%2C200","width":350,"height":200},"classes":[]}],"jetpack_sharing_enabled":true,"_links":{"self":[{"href":"https:\/\/estrategica.com.co\/blog\/wp-json\/wp\/v2\/posts\/879","targetHints":{"allow":["GET"]}}],"collection":[{"href":"https:\/\/estrategica.com.co\/blog\/wp-json\/wp\/v2\/posts"}],"about":[{"href":"https:\/\/estrategica.com.co\/blog\/wp-json\/wp\/v2\/types\/post"}],"author":[{"embeddable":true,"href":"https:\/\/estrategica.com.co\/blog\/wp-json\/wp\/v2\/users\/4"}],"replies":[{"embeddable":true,"href":"https:\/\/estrategica.com.co\/blog\/wp-json\/wp\/v2\/comments?post=879"}],"version-history":[{"count":3,"href":"https:\/\/estrategica.com.co\/blog\/wp-json\/wp\/v2\/posts\/879\/revisions"}],"predecessor-version":[{"id":3116,"href":"https:\/\/estrategica.com.co\/blog\/wp-json\/wp\/v2\/posts\/879\/revisions\/3116"}],"wp:featuredmedia":[{"embeddable":true,"href":"https:\/\/estrategica.com.co\/blog\/wp-json\/wp\/v2\/media\/878"}],"wp:attachment":[{"href":"https:\/\/estrategica.com.co\/blog\/wp-json\/wp\/v2\/media?parent=879"}],"wp:term":[{"taxonomy":"category","embeddable":true,"href":"https:\/\/estrategica.com.co\/blog\/wp-json\/wp\/v2\/categories?post=879"},{"taxonomy":"post_tag","embeddable":true,"href":"https:\/\/estrategica.com.co\/blog\/wp-json\/wp\/v2\/tags?post=879"}],"curies":[{"name":"wp","href":"https:\/\/api.w.org\/{rel}","templated":true}]}}