{"id":894,"date":"2009-01-12T14:07:08","date_gmt":"2009-01-12T14:07:08","guid":{"rendered":"http:\/\/estrategica.com.co\/blog\/?p=894"},"modified":"2015-07-06T15:38:21","modified_gmt":"2015-07-06T20:38:21","slug":"acabar-con-el-paro-y-la-emigracion","status":"publish","type":"post","link":"https:\/\/estrategica.com.co\/blog\/acabar-con-el-paro-y-la-emigracion\/","title":{"rendered":"Acabar con el paro y la emigraci\u00f3n&#8230;"},"content":{"rendered":"<p><img loading=\"lazy\" decoding=\"async\" data-attachment-id=\"893\" data-permalink=\"https:\/\/estrategica.com.co\/blog\/acabar-con-el-paro-y-la-emigracion\/p61500851\/\" data-orig-file=\"https:\/\/i0.wp.com\/estrategica.com.co\/blog\/wp-content\/uploads\/2009\/01\/p61500851.jpg?fit=359%2C497&amp;ssl=1\" data-orig-size=\"359,497\" data-comments-opened=\"1\" data-image-meta=\"{&quot;aperture&quot;:&quot;0&quot;,&quot;credit&quot;:&quot;&quot;,&quot;camera&quot;:&quot;&quot;,&quot;caption&quot;:&quot;&quot;,&quot;created_timestamp&quot;:&quot;0&quot;,&quot;copyright&quot;:&quot;&quot;,&quot;focal_length&quot;:&quot;0&quot;,&quot;iso&quot;:&quot;0&quot;,&quot;shutter_speed&quot;:&quot;0&quot;,&quot;title&quot;:&quot;&quot;}\" data-image-title=\"p61500851\" data-image-description=\"\" data-image-caption=\"\" data-medium-file=\"https:\/\/i0.wp.com\/estrategica.com.co\/blog\/wp-content\/uploads\/2009\/01\/p61500851.jpg?fit=216%2C300&amp;ssl=1\" data-large-file=\"https:\/\/i0.wp.com\/estrategica.com.co\/blog\/wp-content\/uploads\/2009\/01\/p61500851.jpg?fit=359%2C497&amp;ssl=1\" class=\"alignnone size-full wp-image-893\" title=\"p61500851\" src=\"https:\/\/i0.wp.com\/estrategica.com.co\/blog\/wp-content\/uploads\/2009\/01\/p61500851.jpg?resize=359%2C497\" alt=\"p61500851\" width=\"359\" height=\"497\" srcset=\"https:\/\/i0.wp.com\/estrategica.com.co\/blog\/wp-content\/uploads\/2009\/01\/p61500851.jpg?w=359&amp;ssl=1 359w, https:\/\/i0.wp.com\/estrategica.com.co\/blog\/wp-content\/uploads\/2009\/01\/p61500851.jpg?resize=216%2C300&amp;ssl=1 216w\" sizes=\"(max-width: 359px) 100vw, 359px\" data-recalc-dims=\"1\" \/><\/p>\n<p>Este afiche es de 1977 y hace parte de la estrategia de comunicaci\u00f3n del PSOE para enfrentar las primeras elecciones democr\u00e1ticas despu\u00e9s de 40 a\u00f1os de dictadura. La estrategia tenia tres pilares: por un lado, dos slogans, \u201cSocialismo es libertas\u201d y \u201cLa libertad est\u00e1 en tu mano\u201d esta ultima representada por el pu\u00f1o y la rosa, s\u00edmbolos del socialismo, y por el otro, la imagen de Felipe Gonz\u00e1lez como secretario general del partido. Un mensaje rentable en comunicaci\u00f3n y una imagen fresca aunque hubiera podido mirar al elector. El slogan fue desarrollado con otras im\u00e1genes que posicionaban otros problemas pero siempre manteniendo el hilo conductor de \u201cest\u00e1 en tu mano\u201d. En la imagen que vemos se muestra a un joven que regresa a Espa\u00f1a a trabajar, el texto dice: \u201cAcabar con el paro y la emigraci\u00f3n est\u00e1 en tu mano\u201d. El PSOE obtuvo 5.371.866 votos que le significaron 118 esca\u00f1os en el parlamento, siendo la segunda fuerza m\u00e1s votada. Las elecciones las gan\u00f3 la Uni\u00f3n de Centro Democr\u00e1tico con 166 esca\u00f1os y 6.310.391votos.<\/p>\n","protected":false},"excerpt":{"rendered":"<p>Este afiche es de 1977 y hace parte de la estrategia de comunicaci\u00f3n del PSOE para enfrentar las primeras elecciones democr\u00e1ticas despu\u00e9s de 40 a\u00f1os de dictadura. La estrategia tenia tres pilares: por un lado, dos slogans, \u201cSocialismo es libertas\u201d y \u201cLa libertad est\u00e1 en tu mano\u201d esta ultima representada por el pu\u00f1o y la [&hellip;]<\/p>\n","protected":false},"author":4,"featured_media":59095,"comment_status":"open","ping_status":"open","sticky":false,"template":"","format":"standard","meta":{"_et_pb_use_builder":"","_et_pb_old_content":"","_et_gb_content_width":"","advanced_seo_description":"","jetpack_seo_html_title":"","jetpack_seo_noindex":false,"footnotes":""},"categories":[5,58,23,46,10,11],"tags":[154,95,94],"class_list":["post-894","post","type-post","status-publish","format-standard","has-post-thumbnail","hentry","category-afiches","category-campana-colegiada","category-espana","category-fotograficos","category-geo","category-temas","tag-elecciones-1977","tag-partido-socialista-espanol","tag-psoe"],"jetpack_featured_media_url":"https:\/\/i0.wp.com\/estrategica.com.co\/blog\/wp-content\/uploads\/2009\/01\/Acabar-con-el-paro-y-la-emigraci\u00f3n....jpg?fit=359%2C497&ssl=1","jetpack_shortlink":"https:\/\/wp.me\/p4wgsh-eq","jetpack-related-posts":[{"id":888,"url":"https:\/\/estrategica.com.co\/blog\/la-libertad-esta-en-tu-mano\/","url_meta":{"origin":894,"position":0},"title":"La libertad est\u00e1 en tu mano.","author":"estrategica.com","date":"enero 12, 2009","format":false,"excerpt":"Este afiche es de 1977 y hace parte de la estrategia de comunicaci\u00f3n del PSOE para enfrentar las primeras elecciones democr\u00e1ticas despu\u00e9s de 40 a\u00f1os de dictadura. La estrategia tenia tres pilares: por un lado, dos slogans, \u201cSocialismo es libertas\u201d y \u201cLa libertad est\u00e1 en tu mano\u201d esta ultima representada\u2026","rel":"","context":"En \u00abAFICHES\u00bb","block_context":{"text":"AFICHES","link":"https:\/\/estrategica.com.co\/blog\/category\/afiches\/"},"img":{"alt_text":"","src":"https:\/\/i0.wp.com\/estrategica.com.co\/blog\/wp-content\/uploads\/2009\/01\/psoe77.jpg?fit=300%2C418&ssl=1&resize=350%2C200","width":350,"height":200},"classes":[]},{"id":902,"url":"https:\/\/estrategica.com.co\/blog\/la-llave-de-europa-esta-en-tu-mano\/","url_meta":{"origin":894,"position":1},"title":"La llave de Europa est\u00e1 en tu mano.","author":"estrategica.com","date":"enero 12, 2009","format":false,"excerpt":"Este afiche es de 1977 y hace parte de la estrategia de comunicaci\u00f3n del PSOE para enfrentar las primeras elecciones democr\u00e1ticas despu\u00e9s de 40 a\u00f1os de dictadura. La estrategia tenia tres pilares: por un lado, dos slogans, \u201cSocialismo es libertas\u201d y \u201cLa libertad est\u00e1 en tu mano\u201d esta ultima representada\u2026","rel":"","context":"En \u00abAFICHES\u00bb","block_context":{"text":"AFICHES","link":"https:\/\/estrategica.com.co\/blog\/category\/afiches\/"},"img":{"alt_text":"","src":"https:\/\/i0.wp.com\/estrategica.com.co\/blog\/wp-content\/uploads\/2009\/01\/p6150088.jpg?fit=320%2C459&ssl=1&resize=350%2C200","width":350,"height":200},"classes":[]},{"id":898,"url":"https:\/\/estrategica.com.co\/blog\/la-ensenanza-gratuita-esta-en-tu-mano\/","url_meta":{"origin":894,"position":2},"title":"La ense\u00f1anza gratuita est\u00e1 en tu mano.","author":"estrategica.com","date":"enero 12, 2009","format":false,"excerpt":"Este afiche es de 1977 y hace parte de la estrategia de comunicaci\u00f3n del PSOE para enfrentar las primeras elecciones democr\u00e1ticas despu\u00e9s de 40 a\u00f1os de dictadura. La estrategia tenia tres pilares: por un lado, dos slogans, \u201cSocialismo es libertas\u201d y \u201cLa libertad est\u00e1 en tu mano\u201d esta ultima representada\u2026","rel":"","context":"En \u00abAFICHES\u00bb","block_context":{"text":"AFICHES","link":"https:\/\/estrategica.com.co\/blog\/category\/afiches\/"},"img":{"alt_text":"","src":"https:\/\/i0.wp.com\/estrategica.com.co\/blog\/wp-content\/uploads\/2009\/01\/p6150089.jpg?fit=242%2C413&ssl=1&resize=350%2C200","width":350,"height":200},"classes":[]},{"id":906,"url":"https:\/\/estrategica.com.co\/blog\/vota-psoe\/","url_meta":{"origin":894,"position":3},"title":"VOTA PSOE","author":"estrategica.com","date":"enero 12, 2009","format":false,"excerpt":"Interesante afiche del PSOE para la campa\u00f1a electoral de 1977. La grafica es una ilustraci\u00f3n tradicional de la izquierda en donde se muestra un obrero, un trabajador de los puertos, un ciudadano urbano y una campesina, y en el centro de ellos, Felipe Gonz\u00e1lez, el candidato. Cada protagonista de la\u2026","rel":"","context":"En \u00abAFICHES\u00bb","block_context":{"text":"AFICHES","link":"https:\/\/estrategica.com.co\/blog\/category\/afiches\/"},"img":{"alt_text":"","src":"https:\/\/i0.wp.com\/estrategica.com.co\/blog\/wp-content\/uploads\/2009\/01\/p61500911.jpg?fit=617%2C394&ssl=1&resize=350%2C200","width":350,"height":200},"classes":[]},{"id":942,"url":"https:\/\/estrategica.com.co\/blog\/espana-en-progreso\/","url_meta":{"origin":894,"position":4},"title":"Espa\u00f1a, en progreso","author":"estrategica.com","date":"enero 12, 2009","format":false,"excerpt":"\u00a0Afiche de campa\u00f1a para las elecciones parlamentarias de 1989. Se mantiene la estrategia de focalizar la imagen del PSOE en Felipe Gonz\u00e1lez que aparece ac\u00e1 m\u00e1s maduro y mirando al elector. El mensaje es que vamos bien por el rumbo que vamos y lo sintetizan en el slogan \u201cEspa\u00f1a, en\u2026","rel":"","context":"En \u00abAFICHES\u00bb","block_context":{"text":"AFICHES","link":"https:\/\/estrategica.com.co\/blog\/category\/afiches\/"},"img":{"alt_text":"","src":"https:\/\/i0.wp.com\/estrategica.com.co\/blog\/wp-content\/uploads\/2009\/01\/psoe891.jpg?fit=325%2C230&ssl=1&resize=350%2C200","width":350,"height":200},"classes":[]},{"id":3029,"url":"https:\/\/estrategica.com.co\/blog\/iu-decide\/","url_meta":{"origin":894,"position":5},"title":"IU DECIDE","author":"estrategica.com","date":"enero 31, 2009","format":false,"excerpt":"Campa\u00f1a de Izquierda Unida para las elecciones de 1996. La estrategia de Julio Anguita, candidato del partido, esta dirigida a valorizar a capacidad decisoria del partido para inclinar la balanza hacia el PSOE o el PP. Estas elecciones se convirtieron en el mayor \u00e9xito electoral de la coalici\u00f3n, obtuvo 21\u2026","rel":"","context":"En \u00abAFICHES\u00bb","block_context":{"text":"AFICHES","link":"https:\/\/estrategica.com.co\/blog\/category\/afiches\/"},"img":{"alt_text":"","src":"https:\/\/i0.wp.com\/estrategica.com.co\/blog\/wp-content\/uploads\/2009\/01\/96_iu_decide.jpg?fit=343%2C437&ssl=1&resize=350%2C200","width":350,"height":200},"classes":[]}],"jetpack_sharing_enabled":true,"_links":{"self":[{"href":"https:\/\/estrategica.com.co\/blog\/wp-json\/wp\/v2\/posts\/894","targetHints":{"allow":["GET"]}}],"collection":[{"href":"https:\/\/estrategica.com.co\/blog\/wp-json\/wp\/v2\/posts"}],"about":[{"href":"https:\/\/estrategica.com.co\/blog\/wp-json\/wp\/v2\/types\/post"}],"author":[{"embeddable":true,"href":"https:\/\/estrategica.com.co\/blog\/wp-json\/wp\/v2\/users\/4"}],"replies":[{"embeddable":true,"href":"https:\/\/estrategica.com.co\/blog\/wp-json\/wp\/v2\/comments?post=894"}],"version-history":[{"count":5,"href":"https:\/\/estrategica.com.co\/blog\/wp-json\/wp\/v2\/posts\/894\/revisions"}],"predecessor-version":[{"id":3112,"href":"https:\/\/estrategica.com.co\/blog\/wp-json\/wp\/v2\/posts\/894\/revisions\/3112"}],"wp:featuredmedia":[{"embeddable":true,"href":"https:\/\/estrategica.com.co\/blog\/wp-json\/wp\/v2\/media\/59095"}],"wp:attachment":[{"href":"https:\/\/estrategica.com.co\/blog\/wp-json\/wp\/v2\/media?parent=894"}],"wp:term":[{"taxonomy":"category","embeddable":true,"href":"https:\/\/estrategica.com.co\/blog\/wp-json\/wp\/v2\/categories?post=894"},{"taxonomy":"post_tag","embeddable":true,"href":"https:\/\/estrategica.com.co\/blog\/wp-json\/wp\/v2\/tags?post=894"}],"curies":[{"name":"wp","href":"https:\/\/api.w.org\/{rel}","templated":true}]}}