{"id":898,"date":"2009-01-12T14:11:53","date_gmt":"2009-01-12T14:11:53","guid":{"rendered":"http:\/\/estrategica.com.co\/blog\/?p=898"},"modified":"2009-01-31T12:50:31","modified_gmt":"2009-01-31T12:50:31","slug":"la-ensenanza-gratuita-esta-en-tu-mano","status":"publish","type":"post","link":"https:\/\/estrategica.com.co\/blog\/la-ensenanza-gratuita-esta-en-tu-mano\/","title":{"rendered":"La ense\u00f1anza gratuita est\u00e1 en tu mano."},"content":{"rendered":"<p><img loading=\"lazy\" decoding=\"async\" data-attachment-id=\"897\" data-permalink=\"https:\/\/estrategica.com.co\/blog\/la-ensenanza-gratuita-esta-en-tu-mano\/p6150089\/\" data-orig-file=\"https:\/\/i0.wp.com\/estrategica.com.co\/blog\/wp-content\/uploads\/2009\/01\/p6150089.jpg?fit=242%2C413&amp;ssl=1\" data-orig-size=\"242,413\" data-comments-opened=\"1\" data-image-meta=\"{&quot;aperture&quot;:&quot;0&quot;,&quot;credit&quot;:&quot;&quot;,&quot;camera&quot;:&quot;&quot;,&quot;caption&quot;:&quot;&quot;,&quot;created_timestamp&quot;:&quot;0&quot;,&quot;copyright&quot;:&quot;&quot;,&quot;focal_length&quot;:&quot;0&quot;,&quot;iso&quot;:&quot;0&quot;,&quot;shutter_speed&quot;:&quot;0&quot;,&quot;title&quot;:&quot;&quot;}\" data-image-title=\"p6150089\" data-image-description=\"\" data-image-caption=\"\" data-medium-file=\"https:\/\/i0.wp.com\/estrategica.com.co\/blog\/wp-content\/uploads\/2009\/01\/p6150089.jpg?fit=175%2C300&amp;ssl=1\" data-large-file=\"https:\/\/i0.wp.com\/estrategica.com.co\/blog\/wp-content\/uploads\/2009\/01\/p6150089.jpg?fit=242%2C413&amp;ssl=1\" class=\"alignnone size-full wp-image-897\" title=\"p6150089\" src=\"https:\/\/i0.wp.com\/estrategica.com.co\/blog\/wp-content\/uploads\/2009\/01\/p6150089.jpg?resize=242%2C413\" alt=\"p6150089\" width=\"242\" height=\"413\" srcset=\"https:\/\/i0.wp.com\/estrategica.com.co\/blog\/wp-content\/uploads\/2009\/01\/p6150089.jpg?w=242&amp;ssl=1 242w, https:\/\/i0.wp.com\/estrategica.com.co\/blog\/wp-content\/uploads\/2009\/01\/p6150089.jpg?resize=175%2C300&amp;ssl=1 175w\" sizes=\"(max-width: 242px) 100vw, 242px\" data-recalc-dims=\"1\" \/><\/p>\n<p>Este afiche es de 1977 y hace parte de la estrategia de comunicaci\u00f3n del PSOE para enfrentar las primeras elecciones democr\u00e1ticas despu\u00e9s de 40 a\u00f1os de dictadura. La estrategia tenia tres pilares: por un lado, dos slogans, \u201cSocialismo es libertas\u201d y \u201cLa libertad est\u00e1 en tu mano\u201d esta ultima representada por el pu\u00f1o y la rosa, s\u00edmbolos del socialismo, y por el otro, la imagen de Felipe Gonz\u00e1lez como secretario general del partido. Un mensaje rentable en comunicaci\u00f3n y una imagen fresca aunque hubiera podido mirar al elector. El slogan fue desarrollado con otras im\u00e1genes que posicionaban otros problemas pero siempre manteniendo el hilo conductor de \u201cest\u00e1 en tu mano\u201d. En la imagen que vemos a un grupo de ni\u00f1os con una rosa en la mano, s\u00edmbolo socialista, el texto dice: \u201cLa ense\u00f1anza gratuita est\u00e1 en tu mano\u201d. El PSOE obtuvo 5.371.866 votos que le significaron 118 esca\u00f1os en el parlamento, siendo la segunda fuerza m\u00e1s votada. Las elecciones las gan\u00f3 la Uni\u00f3n de Centro Democr\u00e1tico con 166 esca\u00f1os y 6.310.391votos.<\/p>\n","protected":false},"excerpt":{"rendered":"<p>Este afiche es de 1977 y hace parte de la estrategia de comunicaci\u00f3n del PSOE para enfrentar las primeras elecciones democr\u00e1ticas despu\u00e9s de 40 a\u00f1os de dictadura. La estrategia tenia tres pilares: por un lado, dos slogans, \u201cSocialismo es libertas\u201d y \u201cLa libertad est\u00e1 en tu mano\u201d esta ultima representada por el pu\u00f1o y la [&hellip;]<\/p>\n","protected":false},"author":4,"featured_media":897,"comment_status":"open","ping_status":"open","sticky":false,"template":"","format":"standard","meta":{"_et_pb_use_builder":"","_et_pb_old_content":"","_et_gb_content_width":"","advanced_seo_description":"","jetpack_seo_html_title":"","jetpack_seo_noindex":false,"footnotes":""},"categories":[5,58,23,46,10,11],"tags":[154,95,94],"class_list":["post-898","post","type-post","status-publish","format-standard","has-post-thumbnail","hentry","category-afiches","category-campana-colegiada","category-espana","category-fotograficos","category-geo","category-temas","tag-elecciones-1977","tag-partido-socialista-espanol","tag-psoe"],"jetpack_featured_media_url":"https:\/\/i0.wp.com\/estrategica.com.co\/blog\/wp-content\/uploads\/2009\/01\/p6150089.jpg?fit=242%2C413&ssl=1","jetpack_shortlink":"https:\/\/wp.me\/p4wgsh-eu","jetpack-related-posts":[{"id":888,"url":"https:\/\/estrategica.com.co\/blog\/la-libertad-esta-en-tu-mano\/","url_meta":{"origin":898,"position":0},"title":"La libertad est\u00e1 en tu mano.","author":"estrategica.com","date":"enero 12, 2009","format":false,"excerpt":"Este afiche es de 1977 y hace parte de la estrategia de comunicaci\u00f3n del PSOE para enfrentar las primeras elecciones democr\u00e1ticas despu\u00e9s de 40 a\u00f1os de dictadura. La estrategia tenia tres pilares: por un lado, dos slogans, \u201cSocialismo es libertas\u201d y \u201cLa libertad est\u00e1 en tu mano\u201d esta ultima representada\u2026","rel":"","context":"En \u00abAFICHES\u00bb","block_context":{"text":"AFICHES","link":"https:\/\/estrategica.com.co\/blog\/category\/afiches\/"},"img":{"alt_text":"","src":"https:\/\/i0.wp.com\/estrategica.com.co\/blog\/wp-content\/uploads\/2009\/01\/psoe77.jpg?fit=300%2C418&ssl=1&resize=350%2C200","width":350,"height":200},"classes":[]},{"id":902,"url":"https:\/\/estrategica.com.co\/blog\/la-llave-de-europa-esta-en-tu-mano\/","url_meta":{"origin":898,"position":1},"title":"La llave de Europa est\u00e1 en tu mano.","author":"estrategica.com","date":"enero 12, 2009","format":false,"excerpt":"Este afiche es de 1977 y hace parte de la estrategia de comunicaci\u00f3n del PSOE para enfrentar las primeras elecciones democr\u00e1ticas despu\u00e9s de 40 a\u00f1os de dictadura. La estrategia tenia tres pilares: por un lado, dos slogans, \u201cSocialismo es libertas\u201d y \u201cLa libertad est\u00e1 en tu mano\u201d esta ultima representada\u2026","rel":"","context":"En \u00abAFICHES\u00bb","block_context":{"text":"AFICHES","link":"https:\/\/estrategica.com.co\/blog\/category\/afiches\/"},"img":{"alt_text":"","src":"https:\/\/i0.wp.com\/estrategica.com.co\/blog\/wp-content\/uploads\/2009\/01\/p6150088.jpg?fit=320%2C459&ssl=1&resize=350%2C200","width":350,"height":200},"classes":[]},{"id":894,"url":"https:\/\/estrategica.com.co\/blog\/acabar-con-el-paro-y-la-emigracion\/","url_meta":{"origin":898,"position":2},"title":"Acabar con el paro y la emigraci\u00f3n&#8230;","author":"estrategica.com","date":"enero 12, 2009","format":false,"excerpt":"Este afiche es de 1977 y hace parte de la estrategia de comunicaci\u00f3n del PSOE para enfrentar las primeras elecciones democr\u00e1ticas despu\u00e9s de 40 a\u00f1os de dictadura. La estrategia tenia tres pilares: por un lado, dos slogans, \u201cSocialismo es libertas\u201d y \u201cLa libertad est\u00e1 en tu mano\u201d esta ultima representada\u2026","rel":"","context":"En \u00abAFICHES\u00bb","block_context":{"text":"AFICHES","link":"https:\/\/estrategica.com.co\/blog\/category\/afiches\/"},"img":{"alt_text":"","src":"https:\/\/i0.wp.com\/estrategica.com.co\/blog\/wp-content\/uploads\/2009\/01\/Acabar-con-el-paro-y-la-emigraci\u00f3n....jpg?fit=359%2C497&ssl=1&resize=350%2C200","width":350,"height":200},"classes":[]},{"id":928,"url":"https:\/\/estrategica.com.co\/blog\/por-buen-camino\/","url_meta":{"origin":898,"position":3},"title":"Por buen camino","author":"estrategica.com","date":"enero 12, 2009","format":false,"excerpt":"Afiche de campa\u00f1a del PSOE para las elecciones de 1986. La campa\u00f1a ya no esta fundamentada en el cambio, como en 1982, porque llevan cuatro a\u00f1os en el gobierno y deben propugnar pero por el continuismo. En la imagen aparece Gonz\u00e1lez en un escenario arbolado y se afirma que vamos\u2026","rel":"","context":"En \u00abAFICHES\u00bb","block_context":{"text":"AFICHES","link":"https:\/\/estrategica.com.co\/blog\/category\/afiches\/"},"img":{"alt_text":"","src":"https:\/\/i0.wp.com\/estrategica.com.co\/blog\/wp-content\/uploads\/2009\/01\/psoe86.jpg?fit=300%2C423&ssl=1&resize=350%2C200","width":350,"height":200},"classes":[]},{"id":906,"url":"https:\/\/estrategica.com.co\/blog\/vota-psoe\/","url_meta":{"origin":898,"position":4},"title":"VOTA PSOE","author":"estrategica.com","date":"enero 12, 2009","format":false,"excerpt":"Interesante afiche del PSOE para la campa\u00f1a electoral de 1977. La grafica es una ilustraci\u00f3n tradicional de la izquierda en donde se muestra un obrero, un trabajador de los puertos, un ciudadano urbano y una campesina, y en el centro de ellos, Felipe Gonz\u00e1lez, el candidato. Cada protagonista de la\u2026","rel":"","context":"En \u00abAFICHES\u00bb","block_context":{"text":"AFICHES","link":"https:\/\/estrategica.com.co\/blog\/category\/afiches\/"},"img":{"alt_text":"","src":"https:\/\/i0.wp.com\/estrategica.com.co\/blog\/wp-content\/uploads\/2009\/01\/p61500911.jpg?fit=617%2C394&ssl=1&resize=350%2C200","width":350,"height":200},"classes":[]},{"id":2982,"url":"https:\/\/estrategica.com.co\/blog\/llamazares-mas-izquierda\/","url_meta":{"origin":898,"position":5},"title":"LLAMAZARES M\u00c1S IZQUIERDA","author":"estrategica.com","date":"enero 30, 2009","format":false,"excerpt":"Campa\u00f1a de Izquierda Unida para las elecciones generales de 2008. El afiche muestra, en primer plano, la imagen de Gaspar Llamazares, l\u00edder y candidato de Izquierda Unida. La acci\u00f3n gira en torno a profundizar el discurso de izquierda Espa\u00f1ol con el fin de diferenciarse del discurso del PSOE. El slogan\u2026","rel":"","context":"En \u00abAFICHES\u00bb","block_context":{"text":"AFICHES","link":"https:\/\/estrategica.com.co\/blog\/category\/afiches\/"},"img":{"alt_text":"","src":"https:\/\/i0.wp.com\/estrategica.com.co\/blog\/wp-content\/uploads\/2009\/01\/iu.jpg?fit=458%2C326&ssl=1&resize=350%2C200","width":350,"height":200},"classes":[]}],"jetpack_sharing_enabled":true,"_links":{"self":[{"href":"https:\/\/estrategica.com.co\/blog\/wp-json\/wp\/v2\/posts\/898","targetHints":{"allow":["GET"]}}],"collection":[{"href":"https:\/\/estrategica.com.co\/blog\/wp-json\/wp\/v2\/posts"}],"about":[{"href":"https:\/\/estrategica.com.co\/blog\/wp-json\/wp\/v2\/types\/post"}],"author":[{"embeddable":true,"href":"https:\/\/estrategica.com.co\/blog\/wp-json\/wp\/v2\/users\/4"}],"replies":[{"embeddable":true,"href":"https:\/\/estrategica.com.co\/blog\/wp-json\/wp\/v2\/comments?post=898"}],"version-history":[{"count":6,"href":"https:\/\/estrategica.com.co\/blog\/wp-json\/wp\/v2\/posts\/898\/revisions"}],"predecessor-version":[{"id":900,"href":"https:\/\/estrategica.com.co\/blog\/wp-json\/wp\/v2\/posts\/898\/revisions\/900"}],"wp:featuredmedia":[{"embeddable":true,"href":"https:\/\/estrategica.com.co\/blog\/wp-json\/wp\/v2\/media\/897"}],"wp:attachment":[{"href":"https:\/\/estrategica.com.co\/blog\/wp-json\/wp\/v2\/media?parent=898"}],"wp:term":[{"taxonomy":"category","embeddable":true,"href":"https:\/\/estrategica.com.co\/blog\/wp-json\/wp\/v2\/categories?post=898"},{"taxonomy":"post_tag","embeddable":true,"href":"https:\/\/estrategica.com.co\/blog\/wp-json\/wp\/v2\/tags?post=898"}],"curies":[{"name":"wp","href":"https:\/\/api.w.org\/{rel}","templated":true}]}}