{"id":914,"date":"2009-01-12T15:19:39","date_gmt":"2009-01-12T15:19:39","guid":{"rendered":"http:\/\/estrategica.com.co\/blog\/?p=914"},"modified":"2009-01-31T12:49:31","modified_gmt":"2009-01-31T12:49:31","slug":"un-gobierno-firme-para-una-sociedad-justa","status":"publish","type":"post","link":"https:\/\/estrategica.com.co\/blog\/un-gobierno-firme-para-una-sociedad-justa\/","title":{"rendered":"Un Gobierno firme para una Sociedad Justa."},"content":{"rendered":"<p><img loading=\"lazy\" decoding=\"async\" data-attachment-id=\"913\" data-permalink=\"https:\/\/estrategica.com.co\/blog\/un-gobierno-firme-para-una-sociedad-justa\/psoe79\/\" data-orig-file=\"https:\/\/i0.wp.com\/estrategica.com.co\/blog\/wp-content\/uploads\/2009\/01\/psoe79.jpg?fit=325%2C212&amp;ssl=1\" data-orig-size=\"325,212\" data-comments-opened=\"1\" data-image-meta=\"{&quot;aperture&quot;:&quot;0&quot;,&quot;credit&quot;:&quot;&quot;,&quot;camera&quot;:&quot;&quot;,&quot;caption&quot;:&quot;&quot;,&quot;created_timestamp&quot;:&quot;0&quot;,&quot;copyright&quot;:&quot;&quot;,&quot;focal_length&quot;:&quot;0&quot;,&quot;iso&quot;:&quot;0&quot;,&quot;shutter_speed&quot;:&quot;0&quot;,&quot;title&quot;:&quot;&quot;}\" data-image-title=\"psoe79\" data-image-description=\"\" data-image-caption=\"\" data-medium-file=\"https:\/\/i0.wp.com\/estrategica.com.co\/blog\/wp-content\/uploads\/2009\/01\/psoe79.jpg?fit=300%2C195&amp;ssl=1\" data-large-file=\"https:\/\/i0.wp.com\/estrategica.com.co\/blog\/wp-content\/uploads\/2009\/01\/psoe79.jpg?fit=325%2C212&amp;ssl=1\" class=\"alignnone size-full wp-image-913\" title=\"psoe79\" src=\"https:\/\/i0.wp.com\/estrategica.com.co\/blog\/wp-content\/uploads\/2009\/01\/psoe79.jpg?resize=325%2C212\" alt=\"psoe79\" width=\"325\" height=\"212\" srcset=\"https:\/\/i0.wp.com\/estrategica.com.co\/blog\/wp-content\/uploads\/2009\/01\/psoe79.jpg?w=325&amp;ssl=1 325w, https:\/\/i0.wp.com\/estrategica.com.co\/blog\/wp-content\/uploads\/2009\/01\/psoe79.jpg?resize=300%2C195&amp;ssl=1 300w\" sizes=\"(max-width: 325px) 100vw, 325px\" data-recalc-dims=\"1\" \/><\/p>\n<p>Afiche de campa\u00f1a para las elecciones de 1979. La fotograf\u00eda, en blanco y negro, muestra a Felipe Gonz\u00e1lez en actitud facial de dialogo. Los slogans elegidos por el PSOE para esa campa\u00f1a fueron: \u201cTu voto es nuestra fuerza\u201d, \u201cUn gobierno firme para una sociedad justa\u201d y \u201cUn gobierno firme para vencer el paro\u201d. El PSOE obtuvo 5.469.813 votos que le significaron 121 esca\u00f1os el parlamento, aumentando 3 con respecto a las elecciones de 1977. Las elecciones las gan\u00f3 la Uni\u00f3n de Centro Democr\u00e1tico con 168 esca\u00f1os y 6.268.593 votos.<\/p>\n","protected":false},"excerpt":{"rendered":"<p>Afiche de campa\u00f1a para las elecciones de 1979. La fotograf\u00eda, en blanco y negro, muestra a Felipe Gonz\u00e1lez en actitud facial de dialogo. Los slogans elegidos por el PSOE para esa campa\u00f1a fueron: \u201cTu voto es nuestra fuerza\u201d, \u201cUn gobierno firme para una sociedad justa\u201d y \u201cUn gobierno firme para vencer el paro\u201d. El PSOE [&hellip;]<\/p>\n","protected":false},"author":4,"featured_media":913,"comment_status":"open","ping_status":"open","sticky":false,"template":"","format":"standard","meta":{"_et_pb_use_builder":"","_et_pb_old_content":"","_et_gb_content_width":"","advanced_seo_description":"","jetpack_seo_html_title":"","jetpack_seo_noindex":false,"footnotes":""},"categories":[5,58,23,46,10,11],"tags":[151,153,95,94],"class_list":["post-914","post","type-post","status-publish","format-standard","has-post-thumbnail","hentry","category-afiches","category-campana-colegiada","category-espana","category-fotograficos","category-geo","category-temas","tag-elecciones-1979","tag-felipe-gonzalez","tag-partido-socialista-espanol","tag-psoe"],"jetpack_featured_media_url":"https:\/\/i0.wp.com\/estrategica.com.co\/blog\/wp-content\/uploads\/2009\/01\/psoe79.jpg?fit=325%2C212&ssl=1","jetpack_shortlink":"https:\/\/wp.me\/p4wgsh-eK","jetpack-related-posts":[{"id":906,"url":"https:\/\/estrategica.com.co\/blog\/vota-psoe\/","url_meta":{"origin":914,"position":0},"title":"VOTA PSOE","author":"estrategica.com","date":"enero 12, 2009","format":false,"excerpt":"Interesante afiche del PSOE para la campa\u00f1a electoral de 1977. La grafica es una ilustraci\u00f3n tradicional de la izquierda en donde se muestra un obrero, un trabajador de los puertos, un ciudadano urbano y una campesina, y en el centro de ellos, Felipe Gonz\u00e1lez, el candidato. Cada protagonista de la\u2026","rel":"","context":"En \u00abAFICHES\u00bb","block_context":{"text":"AFICHES","link":"https:\/\/estrategica.com.co\/blog\/category\/afiches\/"},"img":{"alt_text":"","src":"https:\/\/i0.wp.com\/estrategica.com.co\/blog\/wp-content\/uploads\/2009\/01\/p61500911.jpg?fit=617%2C394&ssl=1&resize=350%2C200","width":350,"height":200},"classes":[]},{"id":942,"url":"https:\/\/estrategica.com.co\/blog\/espana-en-progreso\/","url_meta":{"origin":914,"position":1},"title":"Espa\u00f1a, en progreso","author":"estrategica.com","date":"enero 12, 2009","format":false,"excerpt":"\u00a0Afiche de campa\u00f1a para las elecciones parlamentarias de 1989. Se mantiene la estrategia de focalizar la imagen del PSOE en Felipe Gonz\u00e1lez que aparece ac\u00e1 m\u00e1s maduro y mirando al elector. El mensaje es que vamos bien por el rumbo que vamos y lo sintetizan en el slogan \u201cEspa\u00f1a, en\u2026","rel":"","context":"En \u00abAFICHES\u00bb","block_context":{"text":"AFICHES","link":"https:\/\/estrategica.com.co\/blog\/category\/afiches\/"},"img":{"alt_text":"","src":"https:\/\/i0.wp.com\/estrategica.com.co\/blog\/wp-content\/uploads\/2009\/01\/psoe891.jpg?fit=325%2C230&ssl=1&resize=350%2C200","width":350,"height":200},"classes":[]},{"id":888,"url":"https:\/\/estrategica.com.co\/blog\/la-libertad-esta-en-tu-mano\/","url_meta":{"origin":914,"position":2},"title":"La libertad est\u00e1 en tu mano.","author":"estrategica.com","date":"enero 12, 2009","format":false,"excerpt":"Este afiche es de 1977 y hace parte de la estrategia de comunicaci\u00f3n del PSOE para enfrentar las primeras elecciones democr\u00e1ticas despu\u00e9s de 40 a\u00f1os de dictadura. La estrategia tenia tres pilares: por un lado, dos slogans, \u201cSocialismo es libertas\u201d y \u201cLa libertad est\u00e1 en tu mano\u201d esta ultima representada\u2026","rel":"","context":"En \u00abAFICHES\u00bb","block_context":{"text":"AFICHES","link":"https:\/\/estrategica.com.co\/blog\/category\/afiches\/"},"img":{"alt_text":"","src":"https:\/\/i0.wp.com\/estrategica.com.co\/blog\/wp-content\/uploads\/2009\/01\/psoe77.jpg?fit=300%2C418&ssl=1&resize=350%2C200","width":350,"height":200},"classes":[]},{"id":953,"url":"https:\/\/estrategica.com.co\/blog\/vota-futuro\/","url_meta":{"origin":914,"position":3},"title":"VOTA FUTURO","author":"estrategica.com","date":"enero 12, 2009","format":false,"excerpt":"Afiche de campa\u00f1a del PSOE para las elecciones de 1993. La campa\u00f1a de este a\u00f1o ha sido de las m\u00e1s re\u00f1idas en la historia reciente de Espa\u00f1a. Los esc\u00e1ndalos de corrupci\u00f3n ensombrecen la gesti\u00f3n en el gobierno del PSOE. A la corrupci\u00f3n se sumaba la dif\u00edcil situaci\u00f3n econ\u00f3mica y el\u2026","rel":"","context":"En \u00abAFICHES\u00bb","block_context":{"text":"AFICHES","link":"https:\/\/estrategica.com.co\/blog\/category\/afiches\/"},"img":{"alt_text":"","src":"https:\/\/i0.wp.com\/estrategica.com.co\/blog\/wp-content\/uploads\/2009\/01\/psoe93.jpg?fit=325%2C443&ssl=1&resize=350%2C200","width":350,"height":200},"classes":[]},{"id":902,"url":"https:\/\/estrategica.com.co\/blog\/la-llave-de-europa-esta-en-tu-mano\/","url_meta":{"origin":914,"position":4},"title":"La llave de Europa est\u00e1 en tu mano.","author":"estrategica.com","date":"enero 12, 2009","format":false,"excerpt":"Este afiche es de 1977 y hace parte de la estrategia de comunicaci\u00f3n del PSOE para enfrentar las primeras elecciones democr\u00e1ticas despu\u00e9s de 40 a\u00f1os de dictadura. La estrategia tenia tres pilares: por un lado, dos slogans, \u201cSocialismo es libertas\u201d y \u201cLa libertad est\u00e1 en tu mano\u201d esta ultima representada\u2026","rel":"","context":"En \u00abAFICHES\u00bb","block_context":{"text":"AFICHES","link":"https:\/\/estrategica.com.co\/blog\/category\/afiches\/"},"img":{"alt_text":"","src":"https:\/\/i0.wp.com\/estrategica.com.co\/blog\/wp-content\/uploads\/2009\/01\/p6150088.jpg?fit=320%2C459&ssl=1&resize=350%2C200","width":350,"height":200},"classes":[]},{"id":894,"url":"https:\/\/estrategica.com.co\/blog\/acabar-con-el-paro-y-la-emigracion\/","url_meta":{"origin":914,"position":5},"title":"Acabar con el paro y la emigraci\u00f3n&#8230;","author":"estrategica.com","date":"enero 12, 2009","format":false,"excerpt":"Este afiche es de 1977 y hace parte de la estrategia de comunicaci\u00f3n del PSOE para enfrentar las primeras elecciones democr\u00e1ticas despu\u00e9s de 40 a\u00f1os de dictadura. La estrategia tenia tres pilares: por un lado, dos slogans, \u201cSocialismo es libertas\u201d y \u201cLa libertad est\u00e1 en tu mano\u201d esta ultima representada\u2026","rel":"","context":"En \u00abAFICHES\u00bb","block_context":{"text":"AFICHES","link":"https:\/\/estrategica.com.co\/blog\/category\/afiches\/"},"img":{"alt_text":"","src":"https:\/\/i0.wp.com\/estrategica.com.co\/blog\/wp-content\/uploads\/2009\/01\/Acabar-con-el-paro-y-la-emigraci\u00f3n....jpg?fit=359%2C497&ssl=1&resize=350%2C200","width":350,"height":200},"classes":[]}],"jetpack_sharing_enabled":true,"_links":{"self":[{"href":"https:\/\/estrategica.com.co\/blog\/wp-json\/wp\/v2\/posts\/914","targetHints":{"allow":["GET"]}}],"collection":[{"href":"https:\/\/estrategica.com.co\/blog\/wp-json\/wp\/v2\/posts"}],"about":[{"href":"https:\/\/estrategica.com.co\/blog\/wp-json\/wp\/v2\/types\/post"}],"author":[{"embeddable":true,"href":"https:\/\/estrategica.com.co\/blog\/wp-json\/wp\/v2\/users\/4"}],"replies":[{"embeddable":true,"href":"https:\/\/estrategica.com.co\/blog\/wp-json\/wp\/v2\/comments?post=914"}],"version-history":[{"count":5,"href":"https:\/\/estrategica.com.co\/blog\/wp-json\/wp\/v2\/posts\/914\/revisions"}],"predecessor-version":[{"id":3108,"href":"https:\/\/estrategica.com.co\/blog\/wp-json\/wp\/v2\/posts\/914\/revisions\/3108"}],"wp:featuredmedia":[{"embeddable":true,"href":"https:\/\/estrategica.com.co\/blog\/wp-json\/wp\/v2\/media\/913"}],"wp:attachment":[{"href":"https:\/\/estrategica.com.co\/blog\/wp-json\/wp\/v2\/media?parent=914"}],"wp:term":[{"taxonomy":"category","embeddable":true,"href":"https:\/\/estrategica.com.co\/blog\/wp-json\/wp\/v2\/categories?post=914"},{"taxonomy":"post_tag","embeddable":true,"href":"https:\/\/estrategica.com.co\/blog\/wp-json\/wp\/v2\/tags?post=914"}],"curies":[{"name":"wp","href":"https:\/\/api.w.org\/{rel}","templated":true}]}}